{"id":4064,"date":"2019-03-19T15:00:21","date_gmt":"2019-03-19T14:00:21","guid":{"rendered":"https:\/\/spolekjiznisudan.cz\/?p=4064"},"modified":"2023-08-09T10:58:24","modified_gmt":"2023-08-09T08:58:24","slug":"kmen-ofirika-v-jiznim-sudanu-tesne-po-skonceni-obcanske-valky","status":"publish","type":"post","link":"https:\/\/spolekjiznisudan.cz\/en\/2019\/03\/19\/kmen-ofirika-v-jiznim-sudanu-tesne-po-skonceni-obcanske-valky\/","title":{"rendered":"KMEN OFIRIKA V&nbsp;JI\u017dN\u00cdM S\u00daD\u00c1NU t\u011bsn\u011b po skon\u010den\u00ed ob\u010dansk\u00e9 v\u00e1lky"},"content":{"rendered":"<p>V Ji\u017en\u00edm S\u00fad\u00e1nu nejmlad\u0161\u00edm st\u00e1t\u011b sv\u011bta pr\u00e1v\u011b skon\u010dila ob\u010dansk\u00e1 v\u00e1lka, p\u0159i kter\u00e9 4 miliony obyvatel opustilo sv\u00e9 domovy. Jak p\u0159e\u017eili n\u00e1sil\u00ed a hladomor? Vrac\u00ed se? Co \u0159e\u0161\u00ed te\u010f? Jak\u00fd maj\u00ed v\u00fdhled? M\u016f\u017eeme n\u011bjak pomoci? S\u00a0t\u011bmito ot\u00e1zkami jsme se vydali na \u010dtvrtou v\u00fdpravu do V\u00fdchodn\u00ed Equatorie, a zvl\u00e1\u0161\u0165 k\u00a0p\u0159\u00e1tel\u016fm z&nbsp;kmene Ofirika. Pozn\u00e1me oby\u010dejn\u00fd i sv\u00e1te\u010dn\u00ed \u017eivot zem\u011bd\u011blc\u016f a lovc\u016f, uprost\u0159ed n\u00e1dhern\u00e9 p\u0159\u00edrody, p\u0159i pr\u00e1ci, p\u00edsn\u00edch a tanc\u00edch, ale i v\u00a0nemocech a str\u00e1d\u00e1n\u00edch, jejich vn\u00edm\u00e1n\u00ed sv\u011bta i v\u00edru. Vypr\u00e1v\u011bn\u00ed, prom\u00edt\u00e1n\u00ed fotografi\u00ed a kr\u00e1tk\u00fdch vide\u00ed.<\/p>\n<p>Prom\u00edt\u00e1n\u00ed s&nbsp;p\u0159edn\u00e1\u0161kou Rostislava Sta\u0148ka:<\/p>\n<div id='gallery-1' class='gallery galleryid-4064 gallery-columns-3 gallery-size-thumbnail'><figure class='gallery-item'>\n\t\t\t<div class='gallery-icon portrait'>\n\t\t\t\t<a href='https:\/\/spolekjiznisudan.cz\/wp-content\/uploads\/2019\/03\/RS-CT.png'><img decoding=\"async\" width=\"150\" height=\"150\" src=\"https:\/\/spolekjiznisudan.cz\/wp-content\/uploads\/2019\/03\/RS-CT-150x150.png\" class=\"attachment-thumbnail size-thumbnail\" alt=\"\" aria-describedby=\"gallery-1-4121\" srcset=\"https:\/\/spolekjiznisudan.cz\/wp-content\/uploads\/2019\/03\/RS-CT-150x150.png 150w, https:\/\/spolekjiznisudan.cz\/wp-content\/uploads\/2019\/03\/RS-CT-380x380.png 380w, https:\/\/spolekjiznisudan.cz\/wp-content\/uploads\/2019\/03\/RS-CT-445x445.png 445w\" sizes=\"(max-width: 150px) 100vw, 150px\" \/><\/a>\n\t\t\t<\/div>\n\t\t\t\t<figcaption class='wp-caption-text gallery-caption' id='gallery-1-4121'>\n\t\t\t\t\u010ctvrtek 11. dubna 2019 v 17:00, M\u011bstsk\u00e9 muzeum \u010cesk\u00e1 T\u0159ebov\u00e1\n\t\t\t\t<\/figcaption><\/figure><figure class='gallery-item'>\n\t\t\t<div class='gallery-icon landscape'>\n\t\t\t\t<a href='https:\/\/spolekjiznisudan.cz\/wp-content\/uploads\/2019\/03\/JS.Ofirika.Mladkov.26.04.2019.png'><img decoding=\"async\" width=\"150\" height=\"150\" src=\"https:\/\/spolekjiznisudan.cz\/wp-content\/uploads\/2019\/03\/JS.Ofirika.Mladkov.26.04.2019-150x150.png\" class=\"attachment-thumbnail size-thumbnail\" alt=\"\" aria-describedby=\"gallery-1-4076\" srcset=\"https:\/\/spolekjiznisudan.cz\/wp-content\/uploads\/2019\/03\/JS.Ofirika.Mladkov.26.04.2019-150x150.png 150w, https:\/\/spolekjiznisudan.cz\/wp-content\/uploads\/2019\/03\/JS.Ofirika.Mladkov.26.04.2019-380x380.png 380w, https:\/\/spolekjiznisudan.cz\/wp-content\/uploads\/2019\/03\/JS.Ofirika.Mladkov.26.04.2019-445x445.png 445w\" sizes=\"(max-width: 150px) 100vw, 150px\" \/><\/a>\n\t\t\t<\/div>\n\t\t\t\t<figcaption class='wp-caption-text gallery-caption' id='gallery-1-4076'>\n\t\t\t\tP\u00e1tek 26. dubna 2019 v 18:30, C\u00edrkev bratrsk\u00e1 Mladkov\n\t\t\t\t<\/figcaption><\/figure><figure class='gallery-item'>\n\t\t\t<div class='gallery-icon landscape'>\n\t\t\t\t<a href='https:\/\/spolekjiznisudan.cz\/wp-content\/uploads\/2019\/03\/JS.Ofirika.Lan\u0161kroun.09.05.2019.png'><img decoding=\"async\" width=\"150\" height=\"150\" src=\"https:\/\/spolekjiznisudan.cz\/wp-content\/uploads\/2019\/03\/JS.Ofirika.Lan\u0161kroun.09.05.2019-150x150.png\" class=\"attachment-thumbnail size-thumbnail\" alt=\"\" aria-describedby=\"gallery-1-4079\" srcset=\"https:\/\/spolekjiznisudan.cz\/wp-content\/uploads\/2019\/03\/JS.Ofirika.Lan\u0161kroun.09.05.2019-150x150.png 150w, https:\/\/spolekjiznisudan.cz\/wp-content\/uploads\/2019\/03\/JS.Ofirika.Lan\u0161kroun.09.05.2019-380x380.png 380w, https:\/\/spolekjiznisudan.cz\/wp-content\/uploads\/2019\/03\/JS.Ofirika.Lan\u0161kroun.09.05.2019-445x445.png 445w\" sizes=\"(max-width: 150px) 100vw, 150px\" \/><\/a>\n\t\t\t<\/div>\n\t\t\t\t<figcaption class='wp-caption-text gallery-caption' id='gallery-1-4079'>\n\t\t\t\t\u010ctvrtek 9. kv\u011btna 2019 v 18:00, M\u011bstsk\u00e1 knihovna Lan\u0161kroun\n\t\t\t\t<\/figcaption><\/figure>\n\t\t<\/div>","protected":false},"excerpt":{"rendered":"<p>V Ji\u017en\u00edm S\u00fad\u00e1nu nejmlad\u0161\u00edm st\u00e1t\u011b sv\u011bta pr\u00e1v\u011b skon\u010dila ob\u010dansk\u00e1 v\u00e1lka, p\u0159i kter\u00e9 4 miliony obyvatel opustilo sv\u00e9 domovy. Jak p\u0159e\u017eili n\u00e1sil\u00ed a hladomor? Vrac\u00ed se? Co \u0159e\u0161\u00ed te\u010f? Jak\u00fd maj\u00ed v\u00fdhled? M\u016f\u017eeme n\u011bjak pomoci? S\u00a0t\u011bmito ot\u00e1zkami jsme se vydali na \u010dtvrtou v\u00fdpravu do V\u00fdchodn\u00ed Equatorie, a zvl\u00e1\u0161\u0165 k\u00a0p\u0159\u00e1tel\u016fm z&nbsp;kmene Ofirika. Pozn\u00e1me oby\u010dejn\u00fd i sv\u00e1te\u010dn\u00ed \u017eivot&#8230;<\/p>","protected":false},"author":2,"featured_media":4088,"comment_status":"open","ping_status":"open","sticky":false,"template":"","format":"standard","meta":{"_exactmetrics_skip_tracking":false,"_exactmetrics_sitenote_active":false,"_exactmetrics_sitenote_note":"","_exactmetrics_sitenote_category":0,"footnotes":""},"categories":[4,2,1],"tags":[],"class_list":["post-4064","post","type-post","status-publish","format-standard","has-post-thumbnail","hentry","category-aktuality","category-slider","category-nezarazene"],"yoast_head":"<!-- This site is optimized with the Yoast SEO plugin v27.5 - https:\/\/yoast.com\/product\/yoast-seo-wordpress\/ -->\n<title>KMEN OFIRIKA V JI\u017dN\u00cdM S\u00daD\u00c1NU t\u011bsn\u011b po skon\u010den\u00ed ob\u010dansk\u00e9 v\u00e1lky - Spolek pro Ji\u017en\u00ed S\u00fad\u00e1n<\/title>\n<meta name=\"robots\" content=\"index, follow, max-snippet:-1, max-image-preview:large, max-video-preview:-1\" \/>\n<link rel=\"canonical\" href=\"https:\/\/spolekjiznisudan.cz\/en\/2019\/03\/19\/kmen-ofirika-v-jiznim-sudanu-tesne-po-skonceni-obcanske-valky\/\" \/>\n<meta property=\"og:locale\" content=\"en_GB\" \/>\n<meta property=\"og:type\" content=\"article\" \/>\n<meta property=\"og:title\" content=\"KMEN OFIRIKA V JI\u017dN\u00cdM S\u00daD\u00c1NU t\u011bsn\u011b po skon\u010den\u00ed ob\u010dansk\u00e9 v\u00e1lky - Spolek pro Ji\u017en\u00ed S\u00fad\u00e1n\" \/>\n<meta property=\"og:description\" content=\"V Ji\u017en\u00edm S\u00fad\u00e1nu nejmlad\u0161\u00edm st\u00e1t\u011b sv\u011bta pr\u00e1v\u011b skon\u010dila ob\u010dansk\u00e1 v\u00e1lka, p\u0159i kter\u00e9 4 miliony obyvatel opustilo sv\u00e9 domovy. Jak p\u0159e\u017eili n\u00e1sil\u00ed a hladomor? Vrac\u00ed se? Co \u0159e\u0161\u00ed te\u010f? Jak\u00fd maj\u00ed v\u00fdhled? M\u016f\u017eeme n\u011bjak pomoci? S\u00a0t\u011bmito ot\u00e1zkami jsme se vydali na \u010dtvrtou v\u00fdpravu do V\u00fdchodn\u00ed Equatorie, a zvl\u00e1\u0161\u0165 k\u00a0p\u0159\u00e1tel\u016fm z&nbsp;kmene Ofirika. Pozn\u00e1me oby\u010dejn\u00fd i sv\u00e1te\u010dn\u00ed \u017eivot...\" \/>\n<meta property=\"og:url\" content=\"https:\/\/spolekjiznisudan.cz\/en\/2019\/03\/19\/kmen-ofirika-v-jiznim-sudanu-tesne-po-skonceni-obcanske-valky\/\" \/>\n<meta property=\"og:site_name\" content=\"Spolek pro Ji\u017en\u00ed S\u00fad\u00e1n\" \/>\n<meta property=\"article:published_time\" content=\"2019-03-19T14:00:21+00:00\" \/>\n<meta property=\"article:modified_time\" content=\"2023-08-09T08:58:24+00:00\" \/>\n<meta property=\"og:image\" content=\"https:\/\/spolekjiznisudan.cz\/wp-content\/uploads\/2019\/03\/IMG_3410.jpg\" \/>\n\t<meta property=\"og:image:width\" content=\"2048\" \/>\n\t<meta property=\"og:image:height\" content=\"1365\" \/>\n\t<meta property=\"og:image:type\" content=\"image\/jpeg\" \/>\n<meta name=\"author\" content=\"Rostislav Stan\u011bk\" \/>\n<meta name=\"twitter:card\" content=\"summary_large_image\" \/>\n<meta name=\"twitter:label1\" content=\"Written by\" \/>\n\t<meta name=\"twitter:data1\" content=\"Rostislav Stan\u011bk\" \/>\n\t<meta name=\"twitter:label2\" content=\"Estimated reading time\" \/>\n\t<meta name=\"twitter:data2\" content=\"1 minute\" \/>\n<script type=\"application\/ld+json\" class=\"yoast-schema-graph\">{\"@context\":\"https:\\\/\\\/schema.org\",\"@graph\":[{\"@type\":\"Article\",\"@id\":\"https:\\\/\\\/spolekjiznisudan.cz\\\/2019\\\/03\\\/19\\\/kmen-ofirika-v-jiznim-sudanu-tesne-po-skonceni-obcanske-valky\\\/#article\",\"isPartOf\":{\"@id\":\"https:\\\/\\\/spolekjiznisudan.cz\\\/2019\\\/03\\\/19\\\/kmen-ofirika-v-jiznim-sudanu-tesne-po-skonceni-obcanske-valky\\\/\"},\"author\":{\"name\":\"Rostislav Stan\u011bk\",\"@id\":\"https:\\\/\\\/spolekjiznisudan.cz\\\/#\\\/schema\\\/person\\\/ca06be48a3d2abed6d20b0bec68bcb68\"},\"headline\":\"KMEN OFIRIKA V&nbsp;JI\u017dN\u00cdM S\u00daD\u00c1NU t\u011bsn\u011b po skon\u010den\u00ed ob\u010dansk\u00e9 v\u00e1lky\",\"datePublished\":\"2019-03-19T14:00:21+00:00\",\"dateModified\":\"2023-08-09T08:58:24+00:00\",\"mainEntityOfPage\":{\"@id\":\"https:\\\/\\\/spolekjiznisudan.cz\\\/2019\\\/03\\\/19\\\/kmen-ofirika-v-jiznim-sudanu-tesne-po-skonceni-obcanske-valky\\\/\"},\"wordCount\":168,\"commentCount\":0,\"image\":{\"@id\":\"https:\\\/\\\/spolekjiznisudan.cz\\\/2019\\\/03\\\/19\\\/kmen-ofirika-v-jiznim-sudanu-tesne-po-skonceni-obcanske-valky\\\/#primaryimage\"},\"thumbnailUrl\":\"https:\\\/\\\/spolekjiznisudan.cz\\\/wp-content\\\/uploads\\\/2019\\\/03\\\/IMG_3410.jpg\",\"articleSection\":[\"Aktuality\",\"Banner\",\"Neza\u0159azen\u00e9\"],\"inLanguage\":\"en-GB\",\"potentialAction\":[{\"@type\":\"CommentAction\",\"name\":\"Comment\",\"target\":[\"https:\\\/\\\/spolekjiznisudan.cz\\\/2019\\\/03\\\/19\\\/kmen-ofirika-v-jiznim-sudanu-tesne-po-skonceni-obcanske-valky\\\/#respond\"]}]},{\"@type\":\"WebPage\",\"@id\":\"https:\\\/\\\/spolekjiznisudan.cz\\\/2019\\\/03\\\/19\\\/kmen-ofirika-v-jiznim-sudanu-tesne-po-skonceni-obcanske-valky\\\/\",\"url\":\"https:\\\/\\\/spolekjiznisudan.cz\\\/2019\\\/03\\\/19\\\/kmen-ofirika-v-jiznim-sudanu-tesne-po-skonceni-obcanske-valky\\\/\",\"name\":\"KMEN OFIRIKA V JI\u017dN\u00cdM S\u00daD\u00c1NU t\u011bsn\u011b po skon\u010den\u00ed ob\u010dansk\u00e9 v\u00e1lky - Spolek pro Ji\u017en\u00ed S\u00fad\u00e1n\",\"isPartOf\":{\"@id\":\"https:\\\/\\\/spolekjiznisudan.cz\\\/#website\"},\"primaryImageOfPage\":{\"@id\":\"https:\\\/\\\/spolekjiznisudan.cz\\\/2019\\\/03\\\/19\\\/kmen-ofirika-v-jiznim-sudanu-tesne-po-skonceni-obcanske-valky\\\/#primaryimage\"},\"image\":{\"@id\":\"https:\\\/\\\/spolekjiznisudan.cz\\\/2019\\\/03\\\/19\\\/kmen-ofirika-v-jiznim-sudanu-tesne-po-skonceni-obcanske-valky\\\/#primaryimage\"},\"thumbnailUrl\":\"https:\\\/\\\/spolekjiznisudan.cz\\\/wp-content\\\/uploads\\\/2019\\\/03\\\/IMG_3410.jpg\",\"datePublished\":\"2019-03-19T14:00:21+00:00\",\"dateModified\":\"2023-08-09T08:58:24+00:00\",\"author\":{\"@id\":\"https:\\\/\\\/spolekjiznisudan.cz\\\/#\\\/schema\\\/person\\\/ca06be48a3d2abed6d20b0bec68bcb68\"},\"breadcrumb\":{\"@id\":\"https:\\\/\\\/spolekjiznisudan.cz\\\/2019\\\/03\\\/19\\\/kmen-ofirika-v-jiznim-sudanu-tesne-po-skonceni-obcanske-valky\\\/#breadcrumb\"},\"inLanguage\":\"en-GB\",\"potentialAction\":[{\"@type\":\"ReadAction\",\"target\":[\"https:\\\/\\\/spolekjiznisudan.cz\\\/2019\\\/03\\\/19\\\/kmen-ofirika-v-jiznim-sudanu-tesne-po-skonceni-obcanske-valky\\\/\"]}]},{\"@type\":\"ImageObject\",\"inLanguage\":\"en-GB\",\"@id\":\"https:\\\/\\\/spolekjiznisudan.cz\\\/2019\\\/03\\\/19\\\/kmen-ofirika-v-jiznim-sudanu-tesne-po-skonceni-obcanske-valky\\\/#primaryimage\",\"url\":\"https:\\\/\\\/spolekjiznisudan.cz\\\/wp-content\\\/uploads\\\/2019\\\/03\\\/IMG_3410.jpg\",\"contentUrl\":\"https:\\\/\\\/spolekjiznisudan.cz\\\/wp-content\\\/uploads\\\/2019\\\/03\\\/IMG_3410.jpg\",\"width\":2048,\"height\":1365},{\"@type\":\"BreadcrumbList\",\"@id\":\"https:\\\/\\\/spolekjiznisudan.cz\\\/2019\\\/03\\\/19\\\/kmen-ofirika-v-jiznim-sudanu-tesne-po-skonceni-obcanske-valky\\\/#breadcrumb\",\"itemListElement\":[{\"@type\":\"ListItem\",\"position\":1,\"name\":\"Home\",\"item\":\"https:\\\/\\\/spolekjiznisudan.cz\\\/\"},{\"@type\":\"ListItem\",\"position\":2,\"name\":\"KMEN OFIRIKA V&nbsp;JI\u017dN\u00cdM S\u00daD\u00c1NU t\u011bsn\u011b po skon\u010den\u00ed ob\u010dansk\u00e9 v\u00e1lky\"}]},{\"@type\":\"WebSite\",\"@id\":\"https:\\\/\\\/spolekjiznisudan.cz\\\/#website\",\"url\":\"https:\\\/\\\/spolekjiznisudan.cz\\\/\",\"name\":\"Spolek pro Ji\u017en\u00ed S\u00fad\u00e1n\",\"description\":\"\",\"potentialAction\":[{\"@type\":\"SearchAction\",\"target\":{\"@type\":\"EntryPoint\",\"urlTemplate\":\"https:\\\/\\\/spolekjiznisudan.cz\\\/?s={search_term_string}\"},\"query-input\":{\"@type\":\"PropertyValueSpecification\",\"valueRequired\":true,\"valueName\":\"search_term_string\"}}],\"inLanguage\":\"en-GB\"},{\"@type\":\"Person\",\"@id\":\"https:\\\/\\\/spolekjiznisudan.cz\\\/#\\\/schema\\\/person\\\/ca06be48a3d2abed6d20b0bec68bcb68\",\"name\":\"Rostislav Stan\u011bk\",\"image\":{\"@type\":\"ImageObject\",\"inLanguage\":\"en-GB\",\"@id\":\"https:\\\/\\\/secure.gravatar.com\\\/avatar\\\/2e9e442c38ddcc4f127484d86347e210a0e38680db7927b79bbda3bcb91a268e?s=96&d=mm&r=g\",\"url\":\"https:\\\/\\\/secure.gravatar.com\\\/avatar\\\/2e9e442c38ddcc4f127484d86347e210a0e38680db7927b79bbda3bcb91a268e?s=96&d=mm&r=g\",\"contentUrl\":\"https:\\\/\\\/secure.gravatar.com\\\/avatar\\\/2e9e442c38ddcc4f127484d86347e210a0e38680db7927b79bbda3bcb91a268e?s=96&d=mm&r=g\",\"caption\":\"Rostislav Stan\u011bk\"},\"url\":\"https:\\\/\\\/spolekjiznisudan.cz\\\/en\\\/author\\\/rostas\\\/\"}]}<\/script>\n<!-- \/ Yoast SEO plugin. -->","yoast_head_json":{"title":"KMEN OFIRIKA V JI\u017dN\u00cdM S\u00daD\u00c1NU t\u011bsn\u011b po skon\u010den\u00ed ob\u010dansk\u00e9 v\u00e1lky - Spolek pro Ji\u017en\u00ed S\u00fad\u00e1n","robots":{"index":"index","follow":"follow","max-snippet":"max-snippet:-1","max-image-preview":"max-image-preview:large","max-video-preview":"max-video-preview:-1"},"canonical":"https:\/\/spolekjiznisudan.cz\/en\/2019\/03\/19\/kmen-ofirika-v-jiznim-sudanu-tesne-po-skonceni-obcanske-valky\/","og_locale":"en_GB","og_type":"article","og_title":"KMEN OFIRIKA V JI\u017dN\u00cdM S\u00daD\u00c1NU t\u011bsn\u011b po skon\u010den\u00ed ob\u010dansk\u00e9 v\u00e1lky - Spolek pro Ji\u017en\u00ed S\u00fad\u00e1n","og_description":"V Ji\u017en\u00edm S\u00fad\u00e1nu nejmlad\u0161\u00edm st\u00e1t\u011b sv\u011bta pr\u00e1v\u011b skon\u010dila ob\u010dansk\u00e1 v\u00e1lka, p\u0159i kter\u00e9 4 miliony obyvatel opustilo sv\u00e9 domovy. Jak p\u0159e\u017eili n\u00e1sil\u00ed a hladomor? Vrac\u00ed se? Co \u0159e\u0161\u00ed te\u010f? Jak\u00fd maj\u00ed v\u00fdhled? M\u016f\u017eeme n\u011bjak pomoci? S\u00a0t\u011bmito ot\u00e1zkami jsme se vydali na \u010dtvrtou v\u00fdpravu do V\u00fdchodn\u00ed Equatorie, a zvl\u00e1\u0161\u0165 k\u00a0p\u0159\u00e1tel\u016fm z&nbsp;kmene Ofirika. Pozn\u00e1me oby\u010dejn\u00fd i sv\u00e1te\u010dn\u00ed \u017eivot...","og_url":"https:\/\/spolekjiznisudan.cz\/en\/2019\/03\/19\/kmen-ofirika-v-jiznim-sudanu-tesne-po-skonceni-obcanske-valky\/","og_site_name":"Spolek pro Ji\u017en\u00ed S\u00fad\u00e1n","article_published_time":"2019-03-19T14:00:21+00:00","article_modified_time":"2023-08-09T08:58:24+00:00","og_image":[{"width":2048,"height":1365,"url":"https:\/\/spolekjiznisudan.cz\/wp-content\/uploads\/2019\/03\/IMG_3410.jpg","type":"image\/jpeg"}],"author":"Rostislav Stan\u011bk","twitter_card":"summary_large_image","twitter_misc":{"Written by":"Rostislav Stan\u011bk","Estimated reading time":"1 minute"},"schema":{"@context":"https:\/\/schema.org","@graph":[{"@type":"Article","@id":"https:\/\/spolekjiznisudan.cz\/2019\/03\/19\/kmen-ofirika-v-jiznim-sudanu-tesne-po-skonceni-obcanske-valky\/#article","isPartOf":{"@id":"https:\/\/spolekjiznisudan.cz\/2019\/03\/19\/kmen-ofirika-v-jiznim-sudanu-tesne-po-skonceni-obcanske-valky\/"},"author":{"name":"Rostislav Stan\u011bk","@id":"https:\/\/spolekjiznisudan.cz\/#\/schema\/person\/ca06be48a3d2abed6d20b0bec68bcb68"},"headline":"KMEN OFIRIKA V&nbsp;JI\u017dN\u00cdM S\u00daD\u00c1NU t\u011bsn\u011b po skon\u010den\u00ed ob\u010dansk\u00e9 v\u00e1lky","datePublished":"2019-03-19T14:00:21+00:00","dateModified":"2023-08-09T08:58:24+00:00","mainEntityOfPage":{"@id":"https:\/\/spolekjiznisudan.cz\/2019\/03\/19\/kmen-ofirika-v-jiznim-sudanu-tesne-po-skonceni-obcanske-valky\/"},"wordCount":168,"commentCount":0,"image":{"@id":"https:\/\/spolekjiznisudan.cz\/2019\/03\/19\/kmen-ofirika-v-jiznim-sudanu-tesne-po-skonceni-obcanske-valky\/#primaryimage"},"thumbnailUrl":"https:\/\/spolekjiznisudan.cz\/wp-content\/uploads\/2019\/03\/IMG_3410.jpg","articleSection":["Aktuality","Banner","Neza\u0159azen\u00e9"],"inLanguage":"en-GB","potentialAction":[{"@type":"CommentAction","name":"Comment","target":["https:\/\/spolekjiznisudan.cz\/2019\/03\/19\/kmen-ofirika-v-jiznim-sudanu-tesne-po-skonceni-obcanske-valky\/#respond"]}]},{"@type":"WebPage","@id":"https:\/\/spolekjiznisudan.cz\/2019\/03\/19\/kmen-ofirika-v-jiznim-sudanu-tesne-po-skonceni-obcanske-valky\/","url":"https:\/\/spolekjiznisudan.cz\/2019\/03\/19\/kmen-ofirika-v-jiznim-sudanu-tesne-po-skonceni-obcanske-valky\/","name":"KMEN OFIRIKA V JI\u017dN\u00cdM S\u00daD\u00c1NU t\u011bsn\u011b po skon\u010den\u00ed ob\u010dansk\u00e9 v\u00e1lky - Spolek pro Ji\u017en\u00ed S\u00fad\u00e1n","isPartOf":{"@id":"https:\/\/spolekjiznisudan.cz\/#website"},"primaryImageOfPage":{"@id":"https:\/\/spolekjiznisudan.cz\/2019\/03\/19\/kmen-ofirika-v-jiznim-sudanu-tesne-po-skonceni-obcanske-valky\/#primaryimage"},"image":{"@id":"https:\/\/spolekjiznisudan.cz\/2019\/03\/19\/kmen-ofirika-v-jiznim-sudanu-tesne-po-skonceni-obcanske-valky\/#primaryimage"},"thumbnailUrl":"https:\/\/spolekjiznisudan.cz\/wp-content\/uploads\/2019\/03\/IMG_3410.jpg","datePublished":"2019-03-19T14:00:21+00:00","dateModified":"2023-08-09T08:58:24+00:00","author":{"@id":"https:\/\/spolekjiznisudan.cz\/#\/schema\/person\/ca06be48a3d2abed6d20b0bec68bcb68"},"breadcrumb":{"@id":"https:\/\/spolekjiznisudan.cz\/2019\/03\/19\/kmen-ofirika-v-jiznim-sudanu-tesne-po-skonceni-obcanske-valky\/#breadcrumb"},"inLanguage":"en-GB","potentialAction":[{"@type":"ReadAction","target":["https:\/\/spolekjiznisudan.cz\/2019\/03\/19\/kmen-ofirika-v-jiznim-sudanu-tesne-po-skonceni-obcanske-valky\/"]}]},{"@type":"ImageObject","inLanguage":"en-GB","@id":"https:\/\/spolekjiznisudan.cz\/2019\/03\/19\/kmen-ofirika-v-jiznim-sudanu-tesne-po-skonceni-obcanske-valky\/#primaryimage","url":"https:\/\/spolekjiznisudan.cz\/wp-content\/uploads\/2019\/03\/IMG_3410.jpg","contentUrl":"https:\/\/spolekjiznisudan.cz\/wp-content\/uploads\/2019\/03\/IMG_3410.jpg","width":2048,"height":1365},{"@type":"BreadcrumbList","@id":"https:\/\/spolekjiznisudan.cz\/2019\/03\/19\/kmen-ofirika-v-jiznim-sudanu-tesne-po-skonceni-obcanske-valky\/#breadcrumb","itemListElement":[{"@type":"ListItem","position":1,"name":"Home","item":"https:\/\/spolekjiznisudan.cz\/"},{"@type":"ListItem","position":2,"name":"KMEN OFIRIKA V&nbsp;JI\u017dN\u00cdM S\u00daD\u00c1NU t\u011bsn\u011b po skon\u010den\u00ed ob\u010dansk\u00e9 v\u00e1lky"}]},{"@type":"WebSite","@id":"https:\/\/spolekjiznisudan.cz\/#website","url":"https:\/\/spolekjiznisudan.cz\/","name":"ASSOCIATION FOR SOUTH SUDAN","description":"","potentialAction":[{"@type":"SearchAction","target":{"@type":"EntryPoint","urlTemplate":"https:\/\/spolekjiznisudan.cz\/?s={search_term_string}"},"query-input":{"@type":"PropertyValueSpecification","valueRequired":true,"valueName":"search_term_string"}}],"inLanguage":"en-GB"},{"@type":"Person","@id":"https:\/\/spolekjiznisudan.cz\/#\/schema\/person\/ca06be48a3d2abed6d20b0bec68bcb68","name":"Rostislav Stan\u011bk","image":{"@type":"ImageObject","inLanguage":"en-GB","@id":"https:\/\/secure.gravatar.com\/avatar\/2e9e442c38ddcc4f127484d86347e210a0e38680db7927b79bbda3bcb91a268e?s=96&d=mm&r=g","url":"https:\/\/secure.gravatar.com\/avatar\/2e9e442c38ddcc4f127484d86347e210a0e38680db7927b79bbda3bcb91a268e?s=96&d=mm&r=g","contentUrl":"https:\/\/secure.gravatar.com\/avatar\/2e9e442c38ddcc4f127484d86347e210a0e38680db7927b79bbda3bcb91a268e?s=96&d=mm&r=g","caption":"Rostislav Stan\u011bk"},"url":"https:\/\/spolekjiznisudan.cz\/en\/author\/rostas\/"}]}},"_links":{"self":[{"href":"https:\/\/spolekjiznisudan.cz\/en\/wp-json\/wp\/v2\/posts\/4064","targetHints":{"allow":["GET"]}}],"collection":[{"href":"https:\/\/spolekjiznisudan.cz\/en\/wp-json\/wp\/v2\/posts"}],"about":[{"href":"https:\/\/spolekjiznisudan.cz\/en\/wp-json\/wp\/v2\/types\/post"}],"author":[{"embeddable":true,"href":"https:\/\/spolekjiznisudan.cz\/en\/wp-json\/wp\/v2\/users\/2"}],"replies":[{"embeddable":true,"href":"https:\/\/spolekjiznisudan.cz\/en\/wp-json\/wp\/v2\/comments?post=4064"}],"version-history":[{"count":1,"href":"https:\/\/spolekjiznisudan.cz\/en\/wp-json\/wp\/v2\/posts\/4064\/revisions"}],"predecessor-version":[{"id":1063418,"href":"https:\/\/spolekjiznisudan.cz\/en\/wp-json\/wp\/v2\/posts\/4064\/revisions\/1063418"}],"wp:featuredmedia":[{"embeddable":true,"href":"https:\/\/spolekjiznisudan.cz\/en\/wp-json\/wp\/v2\/media\/4088"}],"wp:attachment":[{"href":"https:\/\/spolekjiznisudan.cz\/en\/wp-json\/wp\/v2\/media?parent=4064"}],"wp:term":[{"taxonomy":"category","embeddable":true,"href":"https:\/\/spolekjiznisudan.cz\/en\/wp-json\/wp\/v2\/categories?post=4064"},{"taxonomy":"post_tag","embeddable":true,"href":"https:\/\/spolekjiznisudan.cz\/en\/wp-json\/wp\/v2\/tags?post=4064"}],"curies":[{"name":"wp","href":"https:\/\/api.w.org\/{rel}","templated":true}]}}