{"id":3998,"date":"2019-03-19T10:48:04","date_gmt":"2019-03-19T09:48:04","guid":{"rendered":"https:\/\/spolekjiznisudan.cz\/?p=3998"},"modified":"2019-03-31T12:18:38","modified_gmt":"2019-03-31T10:18:38","slug":"sam-childers-kazatel-kalasnikov-v-cr","status":"publish","type":"post","link":"https:\/\/spolekjiznisudan.cz\/en\/2019\/03\/19\/sam-childers-kazatel-kalasnikov-v-cr\/","title":{"rendered":"SAM CHILDERS \u201cMACHINEGUN PREACHER\u201d IN CZR FOR THE FIRST TIME - APRIL 29 2019 IN OSTRAVA AND APRIL 30 2019 IN \u010cESK\u00c1 T\u0158EBOV\u00c1"},"content":{"rendered":"<p>\u201e<em>I don't think about the ones I saved. I think about the ones I didn't save.\u201d <\/em>Sam Childers <\/p>\n\n\n\n<p>Come and listen to Sam Childers, the \u201cMachinegun Preacher\u201d will share his powerful life story  <\/p>\n\n\n\n<p>Sam's journey led from a life of violent crime to war-torn East Africa, where he rescued over 1,500 children from the child army <\/p>\n\n\n\n<p>The Hollywood film Machinegun Preacher was shot with Gerard Butler according to Sam's story <\/p>\n\n\n\n<p>Monday, April 29, 2019 at 7 p.m., Evangelical Church of Christ, Husovo n\u00e1m\u011bst\u00ed 2245, Moravsk\u00e1 Ostrava<\/p>\n\n\n\n<p><\/p>\n\n\n\n<p> Tuesday, April 30, 2019 at 7 p.m., Church of Brethren, Tyka\u010dova 1183, \u010cesk\u00e1 T\u0159ebov\u00e1<\/p>\n\n\n<div id='gallery-1' class='gallery galleryid-3998 gallery-columns-2 gallery-size-large'><figure class='gallery-item'>\n\t\t\t<div class='gallery-icon portrait'>\n\t\t\t\t<a href='https:\/\/spolekjiznisudan.cz\/wp-content\/uploads\/2019\/03\/Sam.CT_.png'><img decoding=\"async\" width=\"640\" height=\"905\" src=\"https:\/\/spolekjiznisudan.cz\/wp-content\/uploads\/2019\/03\/Sam.CT_.png\" class=\"attachment-large size-large\" alt=\"\" aria-describedby=\"gallery-1-4575\" srcset=\"https:\/\/spolekjiznisudan.cz\/wp-content\/uploads\/2019\/03\/Sam.CT_.png 700w, https:\/\/spolekjiznisudan.cz\/wp-content\/uploads\/2019\/03\/Sam.CT_-212x300.png 212w, https:\/\/spolekjiznisudan.cz\/wp-content\/uploads\/2019\/03\/Sam.CT_-8x12.png 8w\" sizes=\"(max-width: 640px) 100vw, 640px\" \/><\/a>\n\t\t\t<\/div>\n\t\t\t\t<figcaption class='wp-caption-text gallery-caption' id='gallery-1-4575'>\n\t\t\t\t \u00dater\u00fd 30. 4. 2019 v 19:00  C\u00edrkev bratrsk\u00e1 Tyka\u010dova 1183 \u010cesk\u00e1 T\u0159ebov\u00e1\n\t\t\t\t<\/figcaption><\/figure><figure class='gallery-item'>\n\t\t\t<div class='gallery-icon portrait'>\n\t\t\t\t<a href='https:\/\/spolekjiznisudan.cz\/wp-content\/uploads\/2019\/03\/Sam.OS_.png'><img decoding=\"async\" width=\"640\" height=\"905\" src=\"https:\/\/spolekjiznisudan.cz\/wp-content\/uploads\/2019\/03\/Sam.OS_.png\" class=\"attachment-large size-large\" alt=\"\" aria-describedby=\"gallery-1-4577\" srcset=\"https:\/\/spolekjiznisudan.cz\/wp-content\/uploads\/2019\/03\/Sam.OS_.png 700w, https:\/\/spolekjiznisudan.cz\/wp-content\/uploads\/2019\/03\/Sam.OS_-212x300.png 212w, https:\/\/spolekjiznisudan.cz\/wp-content\/uploads\/2019\/03\/Sam.OS_-8x12.png 8w\" sizes=\"(max-width: 640px) 100vw, 640px\" \/><\/a>\n\t\t\t<\/div>\n\t\t\t\t<figcaption class='wp-caption-text gallery-caption' id='gallery-1-4577'>\n\t\t\t\tPond\u011bl\u00ed 29. 4. 2019 v 19:00 Evangelick\u00fd Krist\u016fv kostel, Husovo n\u00e1m. 2245 Moravsk\u00e1 Ostrava\n\t\t\t\t<\/figcaption><\/figure>\n\t\t<\/div>\n\n<div id='gallery-2' class='gallery galleryid-3998 gallery-columns-3 gallery-size-large'><figure class='gallery-item'>\n\t\t\t<div class='gallery-icon landscape'>\n\t\t\t\t<a href='https:\/\/spolekjiznisudan.cz\/wp-content\/uploads\/2019\/03\/MGP-SQ-for-social-media.jpg'><img decoding=\"async\" width=\"600\" height=\"576\" src=\"https:\/\/spolekjiznisudan.cz\/wp-content\/uploads\/2019\/03\/MGP-SQ-for-social-media.jpg\" class=\"attachment-large size-large\" alt=\"\" srcset=\"https:\/\/spolekjiznisudan.cz\/wp-content\/uploads\/2019\/03\/MGP-SQ-for-social-media.jpg 600w, https:\/\/spolekjiznisudan.cz\/wp-content\/uploads\/2019\/03\/MGP-SQ-for-social-media-300x288.jpg 300w, https:\/\/spolekjiznisudan.cz\/wp-content\/uploads\/2019\/03\/MGP-SQ-for-social-media-13x12.jpg 13w\" sizes=\"(max-width: 600px) 100vw, 600px\" \/><\/a>\n\t\t\t<\/div><\/figure><figure class='gallery-item'>\n\t\t\t<div class='gallery-icon portrait'>\n\t\t\t\t<a href='https:\/\/spolekjiznisudan.cz\/wp-content\/uploads\/2019\/03\/MGP-Movie-Poster-Small.jpg'><img decoding=\"async\" width=\"509\" height=\"755\" src=\"https:\/\/spolekjiznisudan.cz\/wp-content\/uploads\/2019\/03\/MGP-Movie-Poster-Small.jpg\" class=\"attachment-large size-large\" alt=\"\" srcset=\"https:\/\/spolekjiznisudan.cz\/wp-content\/uploads\/2019\/03\/MGP-Movie-Poster-Small.jpg 509w, https:\/\/spolekjiznisudan.cz\/wp-content\/uploads\/2019\/03\/MGP-Movie-Poster-Small-202x300.jpg 202w, https:\/\/spolekjiznisudan.cz\/wp-content\/uploads\/2019\/03\/MGP-Movie-Poster-Small-8x12.jpg 8w\" sizes=\"(max-width: 509px) 100vw, 509px\" \/><\/a>\n\t\t\t<\/div><\/figure><figure class='gallery-item'>\n\t\t\t<div class='gallery-icon landscape'>\n\t\t\t\t<a href='https:\/\/spolekjiznisudan.cz\/wp-content\/uploads\/2019\/03\/Sam-Childers-and-Gerard-Butler.jpg'><img decoding=\"async\" width=\"640\" height=\"640\" src=\"https:\/\/spolekjiznisudan.cz\/wp-content\/uploads\/2019\/03\/Sam-Childers-and-Gerard-Butler.jpg\" class=\"attachment-large size-large\" alt=\"\" srcset=\"https:\/\/spolekjiznisudan.cz\/wp-content\/uploads\/2019\/03\/Sam-Childers-and-Gerard-Butler.jpg 960w, https:\/\/spolekjiznisudan.cz\/wp-content\/uploads\/2019\/03\/Sam-Childers-and-Gerard-Butler-300x300.jpg 300w, https:\/\/spolekjiznisudan.cz\/wp-content\/uploads\/2019\/03\/Sam-Childers-and-Gerard-Butler-150x150.jpg 150w, https:\/\/spolekjiznisudan.cz\/wp-content\/uploads\/2019\/03\/Sam-Childers-and-Gerard-Butler-768x768.jpg 768w, https:\/\/spolekjiznisudan.cz\/wp-content\/uploads\/2019\/03\/Sam-Childers-and-Gerard-Butler-12x12.jpg 12w, https:\/\/spolekjiznisudan.cz\/wp-content\/uploads\/2019\/03\/Sam-Childers-and-Gerard-Butler-380x380.jpg 380w, https:\/\/spolekjiznisudan.cz\/wp-content\/uploads\/2019\/03\/Sam-Childers-and-Gerard-Butler-445x445.jpg 445w\" sizes=\"(max-width: 640px) 100vw, 640px\" \/><\/a>\n\t\t\t<\/div><\/figure>\n\t\t<\/div>\n\n<div id='gallery-3' class='gallery galleryid-3998 gallery-columns-2 gallery-size-large'><figure class='gallery-item'>\n\t\t\t<div class='gallery-icon landscape'>\n\t\t\t\t<a href='https:\/\/spolekjiznisudan.cz\/wp-content\/uploads\/2019\/03\/MGP-giving-out-books-Uganda.jpg'><img decoding=\"async\" width=\"640\" height=\"640\" src=\"https:\/\/spolekjiznisudan.cz\/wp-content\/uploads\/2019\/03\/MGP-giving-out-books-Uganda.jpg\" class=\"attachment-large size-large\" alt=\"\" srcset=\"https:\/\/spolekjiznisudan.cz\/wp-content\/uploads\/2019\/03\/MGP-giving-out-books-Uganda.jpg 900w, https:\/\/spolekjiznisudan.cz\/wp-content\/uploads\/2019\/03\/MGP-giving-out-books-Uganda-300x300.jpg 300w, https:\/\/spolekjiznisudan.cz\/wp-content\/uploads\/2019\/03\/MGP-giving-out-books-Uganda-150x150.jpg 150w, https:\/\/spolekjiznisudan.cz\/wp-content\/uploads\/2019\/03\/MGP-giving-out-books-Uganda-768x768.jpg 768w, https:\/\/spolekjiznisudan.cz\/wp-content\/uploads\/2019\/03\/MGP-giving-out-books-Uganda-12x12.jpg 12w, https:\/\/spolekjiznisudan.cz\/wp-content\/uploads\/2019\/03\/MGP-giving-out-books-Uganda-380x380.jpg 380w, https:\/\/spolekjiznisudan.cz\/wp-content\/uploads\/2019\/03\/MGP-giving-out-books-Uganda-445x445.jpg 445w\" sizes=\"(max-width: 640px) 100vw, 640px\" \/><\/a>\n\t\t\t<\/div><\/figure><figure class='gallery-item'>\n\t\t\t<div class='gallery-icon landscape'>\n\t\t\t\t<a href='https:\/\/spolekjiznisudan.cz\/wp-content\/uploads\/2019\/03\/Sam-Childers-at-his-Nimule-Orphanage-South-Sudan.jpg'><img decoding=\"async\" width=\"640\" height=\"640\" src=\"https:\/\/spolekjiznisudan.cz\/wp-content\/uploads\/2019\/03\/Sam-Childers-at-his-Nimule-Orphanage-South-Sudan.jpg\" class=\"attachment-large size-large\" alt=\"\" srcset=\"https:\/\/spolekjiznisudan.cz\/wp-content\/uploads\/2019\/03\/Sam-Childers-at-his-Nimule-Orphanage-South-Sudan.jpg 900w, https:\/\/spolekjiznisudan.cz\/wp-content\/uploads\/2019\/03\/Sam-Childers-at-his-Nimule-Orphanage-South-Sudan-300x300.jpg 300w, https:\/\/spolekjiznisudan.cz\/wp-content\/uploads\/2019\/03\/Sam-Childers-at-his-Nimule-Orphanage-South-Sudan-150x150.jpg 150w, https:\/\/spolekjiznisudan.cz\/wp-content\/uploads\/2019\/03\/Sam-Childers-at-his-Nimule-Orphanage-South-Sudan-768x768.jpg 768w, https:\/\/spolekjiznisudan.cz\/wp-content\/uploads\/2019\/03\/Sam-Childers-at-his-Nimule-Orphanage-South-Sudan-12x12.jpg 12w, https:\/\/spolekjiznisudan.cz\/wp-content\/uploads\/2019\/03\/Sam-Childers-at-his-Nimule-Orphanage-South-Sudan-380x380.jpg 380w, https:\/\/spolekjiznisudan.cz\/wp-content\/uploads\/2019\/03\/Sam-Childers-at-his-Nimule-Orphanage-South-Sudan-445x445.jpg 445w\" sizes=\"(max-width: 640px) 100vw, 640px\" \/><\/a>\n\t\t\t<\/div><\/figure>\n\t\t<\/div>\n\n<p>\u00a0<\/p>","protected":false},"excerpt":{"rendered":"<p>\u201eI don't think about the ones I saved. I think about the ones I didn't save.\u201d Sam Childers\n\nCome and listen to Sam Childers, the \u201cMachinegun Preacher\u201d will share his powerful life story\n\nSam's journey led from a life of violent crime to war-torn East Africa, where he rescued over 1,500 children from the child army\n\nThe Hollywood film Machinegun Preacher was shot...<\/p>","protected":false},"author":2,"featured_media":4635,"comment_status":"open","ping_status":"open","sticky":false,"template":"","format":"standard","meta":{"_exactmetrics_skip_tracking":false,"_exactmetrics_sitenote_active":false,"_exactmetrics_sitenote_note":"","_exactmetrics_sitenote_category":0,"footnotes":""},"categories":[4,1],"tags":[],"class_list":["post-3998","post","type-post","status-publish","format-standard","has-post-thumbnail","hentry","category-aktuality","category-nezarazene"],"yoast_head":"<!-- This site is optimized with the Yoast SEO plugin v27.5 - https:\/\/yoast.com\/product\/yoast-seo-wordpress\/ -->\n<title>Sam Childers &quot;Kazatel Kala\u0161nikov&quot; poprv\u00e9 v \u010cR - v Ostrav\u011b 29. a v \u010cesk\u00e9 T\u0159ebov\u00e9 30. dubna 2019 - Spolek pro Ji\u017en\u00ed S\u00fad\u00e1n<\/title>\n<meta name=\"robots\" content=\"index, follow, max-snippet:-1, max-image-preview:large, max-video-preview:-1\" \/>\n<link rel=\"canonical\" href=\"https:\/\/spolekjiznisudan.cz\/en\/2019\/03\/19\/sam-childers-kazatel-kalasnikov-v-cr\/\" \/>\n<meta property=\"og:locale\" content=\"en_GB\" \/>\n<meta property=\"og:type\" content=\"article\" \/>\n<meta property=\"og:title\" content=\"Sam Childers &quot;Kazatel Kala\u0161nikov&quot; poprv\u00e9 v \u010cR - v Ostrav\u011b 29. a v \u010cesk\u00e9 T\u0159ebov\u00e9 30. dubna 2019 - Spolek pro Ji\u017en\u00ed S\u00fad\u00e1n\" \/>\n<meta property=\"og:description\" content=\"\u201eNep\u0159em\u00fd\u0161l\u00edm o t\u011bch, kter\u00e9 jsem zachr\u00e1nil. P\u0159em\u00fd\u0161l\u00edm o t\u011bch, kter\u00e9 jsem nezachr\u00e1nil.\u201c Sam Childers P\u0159ij\u010fte si poslechnout Sama Childerse \u201eKazatel Kala\u0161nikov\u201c se s&nbsp;v\u00e1mi pod\u011bl\u00ed o sv\u016fj siln\u00fd \u017eivotn\u00ed p\u0159\u00edb\u011bh Samova cesta vedla od \u017eivota pln\u00e9ho n\u00e1siln\u00e9ho zlo\u010dinu do v\u00e1lkou zm\u00edtan\u00e9 v\u00fdchodn\u00ed Afriky, kde vysvobodil p\u0159es 1500 d\u011bt\u00ed z&nbsp;d\u011btsk\u00e9 arm\u00e1dy Podle Samova p\u0159\u00edb\u011bhu byl nato\u010den hollywoodsk\u00fd...\" \/>\n<meta property=\"og:url\" content=\"https:\/\/spolekjiznisudan.cz\/en\/2019\/03\/19\/sam-childers-kazatel-kalasnikov-v-cr\/\" \/>\n<meta property=\"og:site_name\" content=\"Spolek pro Ji\u017en\u00ed S\u00fad\u00e1n\" \/>\n<meta property=\"article:published_time\" content=\"2019-03-19T09:48:04+00:00\" \/>\n<meta property=\"article:modified_time\" content=\"2019-03-31T10:18:38+00:00\" \/>\n<meta property=\"og:image\" content=\"https:\/\/spolekjiznisudan.cz\/wp-content\/uploads\/2019\/03\/Childres.Header.jpg\" \/>\n\t<meta property=\"og:image:width\" content=\"1200\" \/>\n\t<meta property=\"og:image:height\" content=\"772\" \/>\n\t<meta property=\"og:image:type\" content=\"image\/jpeg\" \/>\n<meta name=\"author\" content=\"Rostislav Stan\u011bk\" \/>\n<meta name=\"twitter:card\" content=\"summary_large_image\" \/>\n<meta name=\"twitter:label1\" content=\"Written by\" \/>\n\t<meta name=\"twitter:data1\" content=\"Rostislav Stan\u011bk\" \/>\n\t<meta name=\"twitter:label2\" content=\"Estimated reading time\" \/>\n\t<meta name=\"twitter:data2\" content=\"1 minute\" \/>\n<script type=\"application\/ld+json\" class=\"yoast-schema-graph\">{\"@context\":\"https:\\\/\\\/schema.org\",\"@graph\":[{\"@type\":\"Article\",\"@id\":\"https:\\\/\\\/spolekjiznisudan.cz\\\/2019\\\/03\\\/19\\\/sam-childers-kazatel-kalasnikov-v-cr\\\/#article\",\"isPartOf\":{\"@id\":\"https:\\\/\\\/spolekjiznisudan.cz\\\/2019\\\/03\\\/19\\\/sam-childers-kazatel-kalasnikov-v-cr\\\/\"},\"author\":{\"name\":\"Rostislav Stan\u011bk\",\"@id\":\"https:\\\/\\\/spolekjiznisudan.cz\\\/#\\\/schema\\\/person\\\/ca06be48a3d2abed6d20b0bec68bcb68\"},\"headline\":\"Sam Childers &#8222;Kazatel Kala\u0161nikov&#8220; poprv\u00e9 v&nbsp;\u010cR &#8211; v&nbsp;Ostrav\u011b 29.&nbsp;a v&nbsp;\u010cesk\u00e9 T\u0159ebov\u00e9 30.&nbsp;dubna 2019\",\"datePublished\":\"2019-03-19T09:48:04+00:00\",\"dateModified\":\"2019-03-31T10:18:38+00:00\",\"mainEntityOfPage\":{\"@id\":\"https:\\\/\\\/spolekjiznisudan.cz\\\/2019\\\/03\\\/19\\\/sam-childers-kazatel-kalasnikov-v-cr\\\/\"},\"wordCount\":154,\"commentCount\":2,\"image\":{\"@id\":\"https:\\\/\\\/spolekjiznisudan.cz\\\/2019\\\/03\\\/19\\\/sam-childers-kazatel-kalasnikov-v-cr\\\/#primaryimage\"},\"thumbnailUrl\":\"https:\\\/\\\/spolekjiznisudan.cz\\\/wp-content\\\/uploads\\\/2019\\\/03\\\/Childres.Header.jpg\",\"articleSection\":[\"Aktuality\",\"Neza\u0159azen\u00e9\"],\"inLanguage\":\"en-GB\",\"potentialAction\":[{\"@type\":\"CommentAction\",\"name\":\"Comment\",\"target\":[\"https:\\\/\\\/spolekjiznisudan.cz\\\/2019\\\/03\\\/19\\\/sam-childers-kazatel-kalasnikov-v-cr\\\/#respond\"]}]},{\"@type\":\"WebPage\",\"@id\":\"https:\\\/\\\/spolekjiznisudan.cz\\\/2019\\\/03\\\/19\\\/sam-childers-kazatel-kalasnikov-v-cr\\\/\",\"url\":\"https:\\\/\\\/spolekjiznisudan.cz\\\/2019\\\/03\\\/19\\\/sam-childers-kazatel-kalasnikov-v-cr\\\/\",\"name\":\"Sam Childers \\\"Kazatel Kala\u0161nikov\\\" poprv\u00e9 v \u010cR - v Ostrav\u011b 29. a v \u010cesk\u00e9 T\u0159ebov\u00e9 30. dubna 2019 - Spolek pro Ji\u017en\u00ed S\u00fad\u00e1n\",\"isPartOf\":{\"@id\":\"https:\\\/\\\/spolekjiznisudan.cz\\\/#website\"},\"primaryImageOfPage\":{\"@id\":\"https:\\\/\\\/spolekjiznisudan.cz\\\/2019\\\/03\\\/19\\\/sam-childers-kazatel-kalasnikov-v-cr\\\/#primaryimage\"},\"image\":{\"@id\":\"https:\\\/\\\/spolekjiznisudan.cz\\\/2019\\\/03\\\/19\\\/sam-childers-kazatel-kalasnikov-v-cr\\\/#primaryimage\"},\"thumbnailUrl\":\"https:\\\/\\\/spolekjiznisudan.cz\\\/wp-content\\\/uploads\\\/2019\\\/03\\\/Childres.Header.jpg\",\"datePublished\":\"2019-03-19T09:48:04+00:00\",\"dateModified\":\"2019-03-31T10:18:38+00:00\",\"author\":{\"@id\":\"https:\\\/\\\/spolekjiznisudan.cz\\\/#\\\/schema\\\/person\\\/ca06be48a3d2abed6d20b0bec68bcb68\"},\"breadcrumb\":{\"@id\":\"https:\\\/\\\/spolekjiznisudan.cz\\\/2019\\\/03\\\/19\\\/sam-childers-kazatel-kalasnikov-v-cr\\\/#breadcrumb\"},\"inLanguage\":\"en-GB\",\"potentialAction\":[{\"@type\":\"ReadAction\",\"target\":[\"https:\\\/\\\/spolekjiznisudan.cz\\\/2019\\\/03\\\/19\\\/sam-childers-kazatel-kalasnikov-v-cr\\\/\"]}]},{\"@type\":\"ImageObject\",\"inLanguage\":\"en-GB\",\"@id\":\"https:\\\/\\\/spolekjiznisudan.cz\\\/2019\\\/03\\\/19\\\/sam-childers-kazatel-kalasnikov-v-cr\\\/#primaryimage\",\"url\":\"https:\\\/\\\/spolekjiznisudan.cz\\\/wp-content\\\/uploads\\\/2019\\\/03\\\/Childres.Header.jpg\",\"contentUrl\":\"https:\\\/\\\/spolekjiznisudan.cz\\\/wp-content\\\/uploads\\\/2019\\\/03\\\/Childres.Header.jpg\",\"width\":1200,\"height\":772},{\"@type\":\"BreadcrumbList\",\"@id\":\"https:\\\/\\\/spolekjiznisudan.cz\\\/2019\\\/03\\\/19\\\/sam-childers-kazatel-kalasnikov-v-cr\\\/#breadcrumb\",\"itemListElement\":[{\"@type\":\"ListItem\",\"position\":1,\"name\":\"Home\",\"item\":\"https:\\\/\\\/spolekjiznisudan.cz\\\/\"},{\"@type\":\"ListItem\",\"position\":2,\"name\":\"Sam Childers &#8222;Kazatel Kala\u0161nikov&#8220; poprv\u00e9 v&nbsp;\u010cR &#8211; v&nbsp;Ostrav\u011b 29.&nbsp;a v&nbsp;\u010cesk\u00e9 T\u0159ebov\u00e9 30.&nbsp;dubna 2019\"}]},{\"@type\":\"WebSite\",\"@id\":\"https:\\\/\\\/spolekjiznisudan.cz\\\/#website\",\"url\":\"https:\\\/\\\/spolekjiznisudan.cz\\\/\",\"name\":\"Spolek pro Ji\u017en\u00ed S\u00fad\u00e1n\",\"description\":\"\",\"potentialAction\":[{\"@type\":\"SearchAction\",\"target\":{\"@type\":\"EntryPoint\",\"urlTemplate\":\"https:\\\/\\\/spolekjiznisudan.cz\\\/?s={search_term_string}\"},\"query-input\":{\"@type\":\"PropertyValueSpecification\",\"valueRequired\":true,\"valueName\":\"search_term_string\"}}],\"inLanguage\":\"en-GB\"},{\"@type\":\"Person\",\"@id\":\"https:\\\/\\\/spolekjiznisudan.cz\\\/#\\\/schema\\\/person\\\/ca06be48a3d2abed6d20b0bec68bcb68\",\"name\":\"Rostislav Stan\u011bk\",\"image\":{\"@type\":\"ImageObject\",\"inLanguage\":\"en-GB\",\"@id\":\"https:\\\/\\\/secure.gravatar.com\\\/avatar\\\/2e9e442c38ddcc4f127484d86347e210a0e38680db7927b79bbda3bcb91a268e?s=96&d=mm&r=g\",\"url\":\"https:\\\/\\\/secure.gravatar.com\\\/avatar\\\/2e9e442c38ddcc4f127484d86347e210a0e38680db7927b79bbda3bcb91a268e?s=96&d=mm&r=g\",\"contentUrl\":\"https:\\\/\\\/secure.gravatar.com\\\/avatar\\\/2e9e442c38ddcc4f127484d86347e210a0e38680db7927b79bbda3bcb91a268e?s=96&d=mm&r=g\",\"caption\":\"Rostislav Stan\u011bk\"},\"url\":\"https:\\\/\\\/spolekjiznisudan.cz\\\/en\\\/author\\\/rostas\\\/\"}]}<\/script>\n<!-- \/ Yoast SEO plugin. -->","yoast_head_json":{"title":"Sam Childers \"Kazatel Kala\u0161nikov\" poprv\u00e9 v \u010cR - v Ostrav\u011b 29. a v \u010cesk\u00e9 T\u0159ebov\u00e9 30. dubna 2019 - Spolek pro Ji\u017en\u00ed S\u00fad\u00e1n","robots":{"index":"index","follow":"follow","max-snippet":"max-snippet:-1","max-image-preview":"max-image-preview:large","max-video-preview":"max-video-preview:-1"},"canonical":"https:\/\/spolekjiznisudan.cz\/en\/2019\/03\/19\/sam-childers-kazatel-kalasnikov-v-cr\/","og_locale":"en_GB","og_type":"article","og_title":"Sam Childers \"Kazatel Kala\u0161nikov\" poprv\u00e9 v \u010cR - v Ostrav\u011b 29. a v \u010cesk\u00e9 T\u0159ebov\u00e9 30. dubna 2019 - Spolek pro Ji\u017en\u00ed S\u00fad\u00e1n","og_description":"\u201eNep\u0159em\u00fd\u0161l\u00edm o t\u011bch, kter\u00e9 jsem zachr\u00e1nil. P\u0159em\u00fd\u0161l\u00edm o t\u011bch, kter\u00e9 jsem nezachr\u00e1nil.\u201c Sam Childers P\u0159ij\u010fte si poslechnout Sama Childerse \u201eKazatel Kala\u0161nikov\u201c se s&nbsp;v\u00e1mi pod\u011bl\u00ed o sv\u016fj siln\u00fd \u017eivotn\u00ed p\u0159\u00edb\u011bh Samova cesta vedla od \u017eivota pln\u00e9ho n\u00e1siln\u00e9ho zlo\u010dinu do v\u00e1lkou zm\u00edtan\u00e9 v\u00fdchodn\u00ed Afriky, kde vysvobodil p\u0159es 1500 d\u011bt\u00ed z&nbsp;d\u011btsk\u00e9 arm\u00e1dy Podle Samova p\u0159\u00edb\u011bhu byl nato\u010den hollywoodsk\u00fd...","og_url":"https:\/\/spolekjiznisudan.cz\/en\/2019\/03\/19\/sam-childers-kazatel-kalasnikov-v-cr\/","og_site_name":"Spolek pro Ji\u017en\u00ed S\u00fad\u00e1n","article_published_time":"2019-03-19T09:48:04+00:00","article_modified_time":"2019-03-31T10:18:38+00:00","og_image":[{"width":1200,"height":772,"url":"https:\/\/spolekjiznisudan.cz\/wp-content\/uploads\/2019\/03\/Childres.Header.jpg","type":"image\/jpeg"}],"author":"Rostislav Stan\u011bk","twitter_card":"summary_large_image","twitter_misc":{"Written by":"Rostislav Stan\u011bk","Estimated reading time":"1 minute"},"schema":{"@context":"https:\/\/schema.org","@graph":[{"@type":"Article","@id":"https:\/\/spolekjiznisudan.cz\/2019\/03\/19\/sam-childers-kazatel-kalasnikov-v-cr\/#article","isPartOf":{"@id":"https:\/\/spolekjiznisudan.cz\/2019\/03\/19\/sam-childers-kazatel-kalasnikov-v-cr\/"},"author":{"name":"Rostislav Stan\u011bk","@id":"https:\/\/spolekjiznisudan.cz\/#\/schema\/person\/ca06be48a3d2abed6d20b0bec68bcb68"},"headline":"Sam Childers &#8222;Kazatel Kala\u0161nikov&#8220; poprv\u00e9 v&nbsp;\u010cR &#8211; v&nbsp;Ostrav\u011b 29.&nbsp;a v&nbsp;\u010cesk\u00e9 T\u0159ebov\u00e9 30.&nbsp;dubna 2019","datePublished":"2019-03-19T09:48:04+00:00","dateModified":"2019-03-31T10:18:38+00:00","mainEntityOfPage":{"@id":"https:\/\/spolekjiznisudan.cz\/2019\/03\/19\/sam-childers-kazatel-kalasnikov-v-cr\/"},"wordCount":154,"commentCount":2,"image":{"@id":"https:\/\/spolekjiznisudan.cz\/2019\/03\/19\/sam-childers-kazatel-kalasnikov-v-cr\/#primaryimage"},"thumbnailUrl":"https:\/\/spolekjiznisudan.cz\/wp-content\/uploads\/2019\/03\/Childres.Header.jpg","articleSection":["Aktuality","Neza\u0159azen\u00e9"],"inLanguage":"en-GB","potentialAction":[{"@type":"CommentAction","name":"Comment","target":["https:\/\/spolekjiznisudan.cz\/2019\/03\/19\/sam-childers-kazatel-kalasnikov-v-cr\/#respond"]}]},{"@type":"WebPage","@id":"https:\/\/spolekjiznisudan.cz\/2019\/03\/19\/sam-childers-kazatel-kalasnikov-v-cr\/","url":"https:\/\/spolekjiznisudan.cz\/2019\/03\/19\/sam-childers-kazatel-kalasnikov-v-cr\/","name":"Sam Childers \"Kazatel Kala\u0161nikov\" poprv\u00e9 v \u010cR - v Ostrav\u011b 29. a v \u010cesk\u00e9 T\u0159ebov\u00e9 30. dubna 2019 - Spolek pro Ji\u017en\u00ed S\u00fad\u00e1n","isPartOf":{"@id":"https:\/\/spolekjiznisudan.cz\/#website"},"primaryImageOfPage":{"@id":"https:\/\/spolekjiznisudan.cz\/2019\/03\/19\/sam-childers-kazatel-kalasnikov-v-cr\/#primaryimage"},"image":{"@id":"https:\/\/spolekjiznisudan.cz\/2019\/03\/19\/sam-childers-kazatel-kalasnikov-v-cr\/#primaryimage"},"thumbnailUrl":"https:\/\/spolekjiznisudan.cz\/wp-content\/uploads\/2019\/03\/Childres.Header.jpg","datePublished":"2019-03-19T09:48:04+00:00","dateModified":"2019-03-31T10:18:38+00:00","author":{"@id":"https:\/\/spolekjiznisudan.cz\/#\/schema\/person\/ca06be48a3d2abed6d20b0bec68bcb68"},"breadcrumb":{"@id":"https:\/\/spolekjiznisudan.cz\/2019\/03\/19\/sam-childers-kazatel-kalasnikov-v-cr\/#breadcrumb"},"inLanguage":"en-GB","potentialAction":[{"@type":"ReadAction","target":["https:\/\/spolekjiznisudan.cz\/2019\/03\/19\/sam-childers-kazatel-kalasnikov-v-cr\/"]}]},{"@type":"ImageObject","inLanguage":"en-GB","@id":"https:\/\/spolekjiznisudan.cz\/2019\/03\/19\/sam-childers-kazatel-kalasnikov-v-cr\/#primaryimage","url":"https:\/\/spolekjiznisudan.cz\/wp-content\/uploads\/2019\/03\/Childres.Header.jpg","contentUrl":"https:\/\/spolekjiznisudan.cz\/wp-content\/uploads\/2019\/03\/Childres.Header.jpg","width":1200,"height":772},{"@type":"BreadcrumbList","@id":"https:\/\/spolekjiznisudan.cz\/2019\/03\/19\/sam-childers-kazatel-kalasnikov-v-cr\/#breadcrumb","itemListElement":[{"@type":"ListItem","position":1,"name":"Home","item":"https:\/\/spolekjiznisudan.cz\/"},{"@type":"ListItem","position":2,"name":"Sam Childers &#8222;Kazatel Kala\u0161nikov&#8220; poprv\u00e9 v&nbsp;\u010cR &#8211; v&nbsp;Ostrav\u011b 29.&nbsp;a v&nbsp;\u010cesk\u00e9 T\u0159ebov\u00e9 30.&nbsp;dubna 2019"}]},{"@type":"WebSite","@id":"https:\/\/spolekjiznisudan.cz\/#website","url":"https:\/\/spolekjiznisudan.cz\/","name":"ASSOCIATION FOR SOUTH SUDAN","description":"","potentialAction":[{"@type":"SearchAction","target":{"@type":"EntryPoint","urlTemplate":"https:\/\/spolekjiznisudan.cz\/?s={search_term_string}"},"query-input":{"@type":"PropertyValueSpecification","valueRequired":true,"valueName":"search_term_string"}}],"inLanguage":"en-GB"},{"@type":"Person","@id":"https:\/\/spolekjiznisudan.cz\/#\/schema\/person\/ca06be48a3d2abed6d20b0bec68bcb68","name":"Rostislav Stan\u011bk","image":{"@type":"ImageObject","inLanguage":"en-GB","@id":"https:\/\/secure.gravatar.com\/avatar\/2e9e442c38ddcc4f127484d86347e210a0e38680db7927b79bbda3bcb91a268e?s=96&d=mm&r=g","url":"https:\/\/secure.gravatar.com\/avatar\/2e9e442c38ddcc4f127484d86347e210a0e38680db7927b79bbda3bcb91a268e?s=96&d=mm&r=g","contentUrl":"https:\/\/secure.gravatar.com\/avatar\/2e9e442c38ddcc4f127484d86347e210a0e38680db7927b79bbda3bcb91a268e?s=96&d=mm&r=g","caption":"Rostislav Stan\u011bk"},"url":"https:\/\/spolekjiznisudan.cz\/en\/author\/rostas\/"}]}},"_links":{"self":[{"href":"https:\/\/spolekjiznisudan.cz\/en\/wp-json\/wp\/v2\/posts\/3998","targetHints":{"allow":["GET"]}}],"collection":[{"href":"https:\/\/spolekjiznisudan.cz\/en\/wp-json\/wp\/v2\/posts"}],"about":[{"href":"https:\/\/spolekjiznisudan.cz\/en\/wp-json\/wp\/v2\/types\/post"}],"author":[{"embeddable":true,"href":"https:\/\/spolekjiznisudan.cz\/en\/wp-json\/wp\/v2\/users\/2"}],"replies":[{"embeddable":true,"href":"https:\/\/spolekjiznisudan.cz\/en\/wp-json\/wp\/v2\/comments?post=3998"}],"version-history":[{"count":0,"href":"https:\/\/spolekjiznisudan.cz\/en\/wp-json\/wp\/v2\/posts\/3998\/revisions"}],"wp:featuredmedia":[{"embeddable":true,"href":"https:\/\/spolekjiznisudan.cz\/en\/wp-json\/wp\/v2\/media\/4635"}],"wp:attachment":[{"href":"https:\/\/spolekjiznisudan.cz\/en\/wp-json\/wp\/v2\/media?parent=3998"}],"wp:term":[{"taxonomy":"category","embeddable":true,"href":"https:\/\/spolekjiznisudan.cz\/en\/wp-json\/wp\/v2\/categories?post=3998"},{"taxonomy":"post_tag","embeddable":true,"href":"https:\/\/spolekjiznisudan.cz\/en\/wp-json\/wp\/v2\/tags?post=3998"}],"curies":[{"name":"wp","href":"https:\/\/api.w.org\/{rel}","templated":true}]}}