{"id":3155,"date":"2019-03-05T18:39:41","date_gmt":"2019-03-05T17:39:41","guid":{"rendered":"https:\/\/spolekjiznisudan.cz\/?p=3155"},"modified":"2019-03-11T16:38:18","modified_gmt":"2019-03-11T15:38:18","slug":"pozvanka","status":"publish","type":"post","link":"https:\/\/spolekjiznisudan.cz\/en\/2019\/03\/05\/pozvanka\/","title":{"rendered":"Beseda o ned\u00e1vn\u00e9 pr\u016fzkumn\u00e9 misijn\u00ed cest\u011b"},"content":{"rendered":"<p>Mil\u00ed p\u0159\u00e1tel\u00e9,<\/p>\n<div>dovolujeme si v\u00e1s pozvat na\u00a0<b>besedu o ned\u00e1vn\u00e9 pr\u016fzkumn\u00e9 misijn\u00ed cest\u011b do Ji\u017en\u00edho S\u00fad\u00e1nu s&nbsp;MUDr. V\u00edtem \u0160majstrlou<\/b>, m\u00edstop\u0159edsedou Spolku pro Ji\u017en\u00ed S\u00fad\u00e1n, kter\u00e1 se bude konat 14.&nbsp;b\u0159ezna v&nbsp;17 hod. v&nbsp;K\u0159es\u0165ansk\u00e9m centru Z\u00e1lom, Ostrava &#8211; Z\u00e1b\u0159eh.<\/div>","protected":false},"excerpt":{"rendered":"<p>Mil\u00ed p\u0159\u00e1tel\u00e9, dovolujeme si v\u00e1s pozvat na\u00a0besedu o ned\u00e1vn\u00e9 pr\u016fzkumn\u00e9 misijn\u00ed cest\u011b do Ji\u017en\u00edho S\u00fad\u00e1nu s&nbsp;MUDr. V\u00edtem \u0160majstrlou, m\u00edstop\u0159edsedou Spolku pro Ji\u017en\u00ed S\u00fad\u00e1n, kter\u00e1 se bude konat 14.&nbsp;b\u0159ezna v&nbsp;17 hod. v&nbsp;K\u0159es\u0165ansk\u00e9m centru Z\u00e1lom, Ostrava &#8211; Z\u00e1b\u0159eh.<\/p>","protected":false},"author":9,"featured_media":3156,"comment_status":"open","ping_status":"open","sticky":false,"template":"","format":"standard","meta":{"_exactmetrics_skip_tracking":false,"_exactmetrics_sitenote_active":false,"_exactmetrics_sitenote_note":"","_exactmetrics_sitenote_category":0,"footnotes":""},"categories":[4],"tags":[],"class_list":["post-3155","post","type-post","status-publish","format-standard","has-post-thumbnail","hentry","category-aktuality"],"yoast_head":"<!-- This site is optimized with the Yoast SEO plugin v27.5 - https:\/\/yoast.com\/product\/yoast-seo-wordpress\/ -->\n<title>Beseda o ned\u00e1vn\u00e9 pr\u016fzkumn\u00e9 misijn\u00ed cest\u011b - Spolek pro Ji\u017en\u00ed S\u00fad\u00e1n<\/title>\n<meta name=\"robots\" content=\"index, follow, max-snippet:-1, max-image-preview:large, max-video-preview:-1\" \/>\n<link rel=\"canonical\" href=\"https:\/\/spolekjiznisudan.cz\/en\/2019\/03\/05\/pozvanka\/\" \/>\n<meta property=\"og:locale\" content=\"en_GB\" \/>\n<meta property=\"og:type\" content=\"article\" \/>\n<meta property=\"og:title\" content=\"Beseda o ned\u00e1vn\u00e9 pr\u016fzkumn\u00e9 misijn\u00ed cest\u011b - Spolek pro Ji\u017en\u00ed S\u00fad\u00e1n\" \/>\n<meta property=\"og:description\" content=\"Mil\u00ed p\u0159\u00e1tel\u00e9, dovolujeme si v\u00e1s pozvat na\u00a0besedu o ned\u00e1vn\u00e9 pr\u016fzkumn\u00e9 misijn\u00ed cest\u011b do Ji\u017en\u00edho S\u00fad\u00e1nu s&nbsp;MUDr. V\u00edtem \u0160majstrlou, m\u00edstop\u0159edsedou Spolku pro Ji\u017en\u00ed S\u00fad\u00e1n, kter\u00e1 se bude konat 14.&nbsp;b\u0159ezna v&nbsp;17 hod. v&nbsp;K\u0159es\u0165ansk\u00e9m centru Z\u00e1lom, Ostrava &#8211; Z\u00e1b\u0159eh.\" \/>\n<meta property=\"og:url\" content=\"https:\/\/spolekjiznisudan.cz\/en\/2019\/03\/05\/pozvanka\/\" \/>\n<meta property=\"og:site_name\" content=\"Spolek pro Ji\u017en\u00ed S\u00fad\u00e1n\" \/>\n<meta property=\"article:published_time\" content=\"2019-03-05T17:39:41+00:00\" \/>\n<meta property=\"article:modified_time\" content=\"2019-03-11T15:38:18+00:00\" \/>\n<meta property=\"og:image\" content=\"https:\/\/spolekjiznisudan.cz\/wp-content\/uploads\/2019\/03\/SUDAN_14-3-2018.jpg\" \/>\n\t<meta property=\"og:image:width\" content=\"844\" \/>\n\t<meta property=\"og:image:height\" content=\"720\" \/>\n\t<meta property=\"og:image:type\" content=\"image\/jpeg\" \/>\n<meta name=\"author\" content=\"Honza Kadlec\" \/>\n<meta name=\"twitter:card\" content=\"summary_large_image\" \/>\n<meta name=\"twitter:label1\" content=\"Written by\" \/>\n\t<meta name=\"twitter:data1\" content=\"Honza Kadlec\" \/>\n<script type=\"application\/ld+json\" class=\"yoast-schema-graph\">{\"@context\":\"https:\\\/\\\/schema.org\",\"@graph\":[{\"@type\":\"Article\",\"@id\":\"https:\\\/\\\/spolekjiznisudan.cz\\\/en\\\/2019\\\/03\\\/05\\\/pozvanka\\\/#article\",\"isPartOf\":{\"@id\":\"https:\\\/\\\/spolekjiznisudan.cz\\\/en\\\/2019\\\/03\\\/05\\\/pozvanka\\\/\"},\"author\":{\"name\":\"Honza Kadlec\",\"@id\":\"https:\\\/\\\/spolekjiznisudan.cz\\\/#\\\/schema\\\/person\\\/b418f9fbacfe5a3d144be3c4fe9f1662\"},\"headline\":\"Beseda o ned\u00e1vn\u00e9 pr\u016fzkumn\u00e9 misijn\u00ed cest\u011b\",\"datePublished\":\"2019-03-05T17:39:41+00:00\",\"dateModified\":\"2019-03-11T15:38:18+00:00\",\"mainEntityOfPage\":{\"@id\":\"https:\\\/\\\/spolekjiznisudan.cz\\\/en\\\/2019\\\/03\\\/05\\\/pozvanka\\\/\"},\"wordCount\":68,\"commentCount\":0,\"image\":{\"@id\":\"https:\\\/\\\/spolekjiznisudan.cz\\\/en\\\/2019\\\/03\\\/05\\\/pozvanka\\\/#primaryimage\"},\"thumbnailUrl\":\"https:\\\/\\\/spolekjiznisudan.cz\\\/wp-content\\\/uploads\\\/2019\\\/03\\\/SUDAN_14-3-2018.jpg\",\"articleSection\":[\"Aktuality\"],\"inLanguage\":\"en-GB\",\"potentialAction\":[{\"@type\":\"CommentAction\",\"name\":\"Comment\",\"target\":[\"https:\\\/\\\/spolekjiznisudan.cz\\\/en\\\/2019\\\/03\\\/05\\\/pozvanka\\\/#respond\"]}]},{\"@type\":\"WebPage\",\"@id\":\"https:\\\/\\\/spolekjiznisudan.cz\\\/en\\\/2019\\\/03\\\/05\\\/pozvanka\\\/\",\"url\":\"https:\\\/\\\/spolekjiznisudan.cz\\\/en\\\/2019\\\/03\\\/05\\\/pozvanka\\\/\",\"name\":\"Beseda o ned\u00e1vn\u00e9 pr\u016fzkumn\u00e9 misijn\u00ed cest\u011b - Spolek pro Ji\u017en\u00ed S\u00fad\u00e1n\",\"isPartOf\":{\"@id\":\"https:\\\/\\\/spolekjiznisudan.cz\\\/#website\"},\"primaryImageOfPage\":{\"@id\":\"https:\\\/\\\/spolekjiznisudan.cz\\\/en\\\/2019\\\/03\\\/05\\\/pozvanka\\\/#primaryimage\"},\"image\":{\"@id\":\"https:\\\/\\\/spolekjiznisudan.cz\\\/en\\\/2019\\\/03\\\/05\\\/pozvanka\\\/#primaryimage\"},\"thumbnailUrl\":\"https:\\\/\\\/spolekjiznisudan.cz\\\/wp-content\\\/uploads\\\/2019\\\/03\\\/SUDAN_14-3-2018.jpg\",\"datePublished\":\"2019-03-05T17:39:41+00:00\",\"dateModified\":\"2019-03-11T15:38:18+00:00\",\"author\":{\"@id\":\"https:\\\/\\\/spolekjiznisudan.cz\\\/#\\\/schema\\\/person\\\/b418f9fbacfe5a3d144be3c4fe9f1662\"},\"breadcrumb\":{\"@id\":\"https:\\\/\\\/spolekjiznisudan.cz\\\/en\\\/2019\\\/03\\\/05\\\/pozvanka\\\/#breadcrumb\"},\"inLanguage\":\"en-GB\",\"potentialAction\":[{\"@type\":\"ReadAction\",\"target\":[\"https:\\\/\\\/spolekjiznisudan.cz\\\/en\\\/2019\\\/03\\\/05\\\/pozvanka\\\/\"]}]},{\"@type\":\"ImageObject\",\"inLanguage\":\"en-GB\",\"@id\":\"https:\\\/\\\/spolekjiznisudan.cz\\\/en\\\/2019\\\/03\\\/05\\\/pozvanka\\\/#primaryimage\",\"url\":\"https:\\\/\\\/spolekjiznisudan.cz\\\/wp-content\\\/uploads\\\/2019\\\/03\\\/SUDAN_14-3-2018.jpg\",\"contentUrl\":\"https:\\\/\\\/spolekjiznisudan.cz\\\/wp-content\\\/uploads\\\/2019\\\/03\\\/SUDAN_14-3-2018.jpg\",\"width\":844,\"height\":720},{\"@type\":\"BreadcrumbList\",\"@id\":\"https:\\\/\\\/spolekjiznisudan.cz\\\/en\\\/2019\\\/03\\\/05\\\/pozvanka\\\/#breadcrumb\",\"itemListElement\":[{\"@type\":\"ListItem\",\"position\":1,\"name\":\"Home\",\"item\":\"https:\\\/\\\/spolekjiznisudan.cz\\\/\"},{\"@type\":\"ListItem\",\"position\":2,\"name\":\"Beseda o ned\u00e1vn\u00e9 pr\u016fzkumn\u00e9 misijn\u00ed cest\u011b\"}]},{\"@type\":\"WebSite\",\"@id\":\"https:\\\/\\\/spolekjiznisudan.cz\\\/#website\",\"url\":\"https:\\\/\\\/spolekjiznisudan.cz\\\/\",\"name\":\"Spolek pro Ji\u017en\u00ed S\u00fad\u00e1n\",\"description\":\"\",\"potentialAction\":[{\"@type\":\"SearchAction\",\"target\":{\"@type\":\"EntryPoint\",\"urlTemplate\":\"https:\\\/\\\/spolekjiznisudan.cz\\\/?s={search_term_string}\"},\"query-input\":{\"@type\":\"PropertyValueSpecification\",\"valueRequired\":true,\"valueName\":\"search_term_string\"}}],\"inLanguage\":\"en-GB\"},{\"@type\":\"Person\",\"@id\":\"https:\\\/\\\/spolekjiznisudan.cz\\\/#\\\/schema\\\/person\\\/b418f9fbacfe5a3d144be3c4fe9f1662\",\"name\":\"Honza Kadlec\",\"image\":{\"@type\":\"ImageObject\",\"inLanguage\":\"en-GB\",\"@id\":\"https:\\\/\\\/secure.gravatar.com\\\/avatar\\\/728f6aa9de2e880dca4b8b86dd97967e44124e2890d4dbfc6075cc1e469eee1d?s=96&d=mm&r=g\",\"url\":\"https:\\\/\\\/secure.gravatar.com\\\/avatar\\\/728f6aa9de2e880dca4b8b86dd97967e44124e2890d4dbfc6075cc1e469eee1d?s=96&d=mm&r=g\",\"contentUrl\":\"https:\\\/\\\/secure.gravatar.com\\\/avatar\\\/728f6aa9de2e880dca4b8b86dd97967e44124e2890d4dbfc6075cc1e469eee1d?s=96&d=mm&r=g\",\"caption\":\"Honza Kadlec\"},\"url\":\"https:\\\/\\\/spolekjiznisudan.cz\\\/en\\\/author\\\/honzak\\\/\"}]}<\/script>\n<!-- \/ Yoast SEO plugin. -->","yoast_head_json":{"title":"Beseda o ned\u00e1vn\u00e9 pr\u016fzkumn\u00e9 misijn\u00ed cest\u011b - Spolek pro Ji\u017en\u00ed S\u00fad\u00e1n","robots":{"index":"index","follow":"follow","max-snippet":"max-snippet:-1","max-image-preview":"max-image-preview:large","max-video-preview":"max-video-preview:-1"},"canonical":"https:\/\/spolekjiznisudan.cz\/en\/2019\/03\/05\/pozvanka\/","og_locale":"en_GB","og_type":"article","og_title":"Beseda o ned\u00e1vn\u00e9 pr\u016fzkumn\u00e9 misijn\u00ed cest\u011b - Spolek pro Ji\u017en\u00ed S\u00fad\u00e1n","og_description":"Mil\u00ed p\u0159\u00e1tel\u00e9, dovolujeme si v\u00e1s pozvat na\u00a0besedu o ned\u00e1vn\u00e9 pr\u016fzkumn\u00e9 misijn\u00ed cest\u011b do Ji\u017en\u00edho S\u00fad\u00e1nu s&nbsp;MUDr. V\u00edtem \u0160majstrlou, m\u00edstop\u0159edsedou Spolku pro Ji\u017en\u00ed S\u00fad\u00e1n, kter\u00e1 se bude konat 14.&nbsp;b\u0159ezna v&nbsp;17 hod. v&nbsp;K\u0159es\u0165ansk\u00e9m centru Z\u00e1lom, Ostrava &#8211; Z\u00e1b\u0159eh.","og_url":"https:\/\/spolekjiznisudan.cz\/en\/2019\/03\/05\/pozvanka\/","og_site_name":"Spolek pro Ji\u017en\u00ed S\u00fad\u00e1n","article_published_time":"2019-03-05T17:39:41+00:00","article_modified_time":"2019-03-11T15:38:18+00:00","og_image":[{"width":844,"height":720,"url":"https:\/\/spolekjiznisudan.cz\/wp-content\/uploads\/2019\/03\/SUDAN_14-3-2018.jpg","type":"image\/jpeg"}],"author":"Honza Kadlec","twitter_card":"summary_large_image","twitter_misc":{"Written by":"Honza Kadlec"},"schema":{"@context":"https:\/\/schema.org","@graph":[{"@type":"Article","@id":"https:\/\/spolekjiznisudan.cz\/en\/2019\/03\/05\/pozvanka\/#article","isPartOf":{"@id":"https:\/\/spolekjiznisudan.cz\/en\/2019\/03\/05\/pozvanka\/"},"author":{"name":"Honza Kadlec","@id":"https:\/\/spolekjiznisudan.cz\/#\/schema\/person\/b418f9fbacfe5a3d144be3c4fe9f1662"},"headline":"Beseda o ned\u00e1vn\u00e9 pr\u016fzkumn\u00e9 misijn\u00ed cest\u011b","datePublished":"2019-03-05T17:39:41+00:00","dateModified":"2019-03-11T15:38:18+00:00","mainEntityOfPage":{"@id":"https:\/\/spolekjiznisudan.cz\/en\/2019\/03\/05\/pozvanka\/"},"wordCount":68,"commentCount":0,"image":{"@id":"https:\/\/spolekjiznisudan.cz\/en\/2019\/03\/05\/pozvanka\/#primaryimage"},"thumbnailUrl":"https:\/\/spolekjiznisudan.cz\/wp-content\/uploads\/2019\/03\/SUDAN_14-3-2018.jpg","articleSection":["Aktuality"],"inLanguage":"en-GB","potentialAction":[{"@type":"CommentAction","name":"Comment","target":["https:\/\/spolekjiznisudan.cz\/en\/2019\/03\/05\/pozvanka\/#respond"]}]},{"@type":"WebPage","@id":"https:\/\/spolekjiznisudan.cz\/en\/2019\/03\/05\/pozvanka\/","url":"https:\/\/spolekjiznisudan.cz\/en\/2019\/03\/05\/pozvanka\/","name":"Beseda o ned\u00e1vn\u00e9 pr\u016fzkumn\u00e9 misijn\u00ed cest\u011b - Spolek pro Ji\u017en\u00ed S\u00fad\u00e1n","isPartOf":{"@id":"https:\/\/spolekjiznisudan.cz\/#website"},"primaryImageOfPage":{"@id":"https:\/\/spolekjiznisudan.cz\/en\/2019\/03\/05\/pozvanka\/#primaryimage"},"image":{"@id":"https:\/\/spolekjiznisudan.cz\/en\/2019\/03\/05\/pozvanka\/#primaryimage"},"thumbnailUrl":"https:\/\/spolekjiznisudan.cz\/wp-content\/uploads\/2019\/03\/SUDAN_14-3-2018.jpg","datePublished":"2019-03-05T17:39:41+00:00","dateModified":"2019-03-11T15:38:18+00:00","author":{"@id":"https:\/\/spolekjiznisudan.cz\/#\/schema\/person\/b418f9fbacfe5a3d144be3c4fe9f1662"},"breadcrumb":{"@id":"https:\/\/spolekjiznisudan.cz\/en\/2019\/03\/05\/pozvanka\/#breadcrumb"},"inLanguage":"en-GB","potentialAction":[{"@type":"ReadAction","target":["https:\/\/spolekjiznisudan.cz\/en\/2019\/03\/05\/pozvanka\/"]}]},{"@type":"ImageObject","inLanguage":"en-GB","@id":"https:\/\/spolekjiznisudan.cz\/en\/2019\/03\/05\/pozvanka\/#primaryimage","url":"https:\/\/spolekjiznisudan.cz\/wp-content\/uploads\/2019\/03\/SUDAN_14-3-2018.jpg","contentUrl":"https:\/\/spolekjiznisudan.cz\/wp-content\/uploads\/2019\/03\/SUDAN_14-3-2018.jpg","width":844,"height":720},{"@type":"BreadcrumbList","@id":"https:\/\/spolekjiznisudan.cz\/en\/2019\/03\/05\/pozvanka\/#breadcrumb","itemListElement":[{"@type":"ListItem","position":1,"name":"Home","item":"https:\/\/spolekjiznisudan.cz\/"},{"@type":"ListItem","position":2,"name":"Beseda o ned\u00e1vn\u00e9 pr\u016fzkumn\u00e9 misijn\u00ed cest\u011b"}]},{"@type":"WebSite","@id":"https:\/\/spolekjiznisudan.cz\/#website","url":"https:\/\/spolekjiznisudan.cz\/","name":"ASSOCIATION FOR SOUTH SUDAN","description":"","potentialAction":[{"@type":"SearchAction","target":{"@type":"EntryPoint","urlTemplate":"https:\/\/spolekjiznisudan.cz\/?s={search_term_string}"},"query-input":{"@type":"PropertyValueSpecification","valueRequired":true,"valueName":"search_term_string"}}],"inLanguage":"en-GB"},{"@type":"Person","@id":"https:\/\/spolekjiznisudan.cz\/#\/schema\/person\/b418f9fbacfe5a3d144be3c4fe9f1662","name":"Honza Kadlec","image":{"@type":"ImageObject","inLanguage":"en-GB","@id":"https:\/\/secure.gravatar.com\/avatar\/728f6aa9de2e880dca4b8b86dd97967e44124e2890d4dbfc6075cc1e469eee1d?s=96&d=mm&r=g","url":"https:\/\/secure.gravatar.com\/avatar\/728f6aa9de2e880dca4b8b86dd97967e44124e2890d4dbfc6075cc1e469eee1d?s=96&d=mm&r=g","contentUrl":"https:\/\/secure.gravatar.com\/avatar\/728f6aa9de2e880dca4b8b86dd97967e44124e2890d4dbfc6075cc1e469eee1d?s=96&d=mm&r=g","caption":"Honza Kadlec"},"url":"https:\/\/spolekjiznisudan.cz\/en\/author\/honzak\/"}]}},"_links":{"self":[{"href":"https:\/\/spolekjiznisudan.cz\/en\/wp-json\/wp\/v2\/posts\/3155","targetHints":{"allow":["GET"]}}],"collection":[{"href":"https:\/\/spolekjiznisudan.cz\/en\/wp-json\/wp\/v2\/posts"}],"about":[{"href":"https:\/\/spolekjiznisudan.cz\/en\/wp-json\/wp\/v2\/types\/post"}],"author":[{"embeddable":true,"href":"https:\/\/spolekjiznisudan.cz\/en\/wp-json\/wp\/v2\/users\/9"}],"replies":[{"embeddable":true,"href":"https:\/\/spolekjiznisudan.cz\/en\/wp-json\/wp\/v2\/comments?post=3155"}],"version-history":[{"count":0,"href":"https:\/\/spolekjiznisudan.cz\/en\/wp-json\/wp\/v2\/posts\/3155\/revisions"}],"wp:featuredmedia":[{"embeddable":true,"href":"https:\/\/spolekjiznisudan.cz\/en\/wp-json\/wp\/v2\/media\/3156"}],"wp:attachment":[{"href":"https:\/\/spolekjiznisudan.cz\/en\/wp-json\/wp\/v2\/media?parent=3155"}],"wp:term":[{"taxonomy":"category","embeddable":true,"href":"https:\/\/spolekjiznisudan.cz\/en\/wp-json\/wp\/v2\/categories?post=3155"},{"taxonomy":"post_tag","embeddable":true,"href":"https:\/\/spolekjiznisudan.cz\/en\/wp-json\/wp\/v2\/tags?post=3155"}],"curies":[{"name":"wp","href":"https:\/\/api.w.org\/{rel}","templated":true}]}}