{"id":1063620,"date":"2025-09-01T10:40:54","date_gmt":"2025-09-01T08:40:54","guid":{"rendered":"https:\/\/spolekjiznisudan.cz\/?p=1063620"},"modified":"2025-11-15T15:33:37","modified_gmt":"2025-11-15T14:33:37","slug":"1063620","status":"publish","type":"post","link":"https:\/\/spolekjiznisudan.cz\/en\/2025\/09\/01\/1063620\/","title":{"rendered":""},"content":{"rendered":"<p>Sestra Marta, \u00fa\u010dastnice lednov\u00e9 v\u00fdpravy do Ji\u017en\u00edho S\u00fad\u00e1nu, publikovala v&nbsp;\u010dasopise Br\u00e1na z\u00e1znamy ze sv\u00e9ho mision\u00e1\u0159sk\u00e9ho den\u00edku&#8230;<\/p>\n<a href=\"https:\/\/spolekjiznisudan.cz\/wp-content\/uploads\/2025\/11\/MARTA_JIZNI-SUDAN_BRANA.pdf\" class=\"pdfemb-viewer\" style=\"\" data-width=\"max\" data-height=\"max\" data-toolbar=\"both\" data-toolbar-fixed=\"off\">MARTA_JIZNI-SUDAN_BRANA<\/a>\n<p>&nbsp;<\/p>","protected":false},"excerpt":{"rendered":"<p>Sestra Marta, \u00fa\u010dastnice lednov\u00e9 v\u00fdpravy do Ji\u017en\u00edho S\u00fad\u00e1nu, publikovala v&nbsp;\u010dasopise Br\u00e1na z\u00e1znamy ze sv\u00e9ho mision\u00e1\u0159sk\u00e9ho den\u00edku&#8230; &nbsp;<\/p>","protected":false},"author":4,"featured_media":1063622,"comment_status":"open","ping_status":"open","sticky":false,"template":"","format":"standard","meta":{"_exactmetrics_skip_tracking":false,"_exactmetrics_sitenote_active":false,"_exactmetrics_sitenote_note":"","_exactmetrics_sitenote_category":0,"footnotes":""},"categories":[4],"tags":[],"class_list":["post-1063620","post","type-post","status-publish","format-standard","has-post-thumbnail","hentry","category-aktuality"],"yoast_head":"<!-- This site is optimized with the Yoast SEO plugin v27.4 - https:\/\/yoast.com\/product\/yoast-seo-wordpress\/ -->\n<title>- Spolek pro Ji\u017en\u00ed S\u00fad\u00e1n<\/title>\n<meta name=\"robots\" content=\"index, follow, max-snippet:-1, max-image-preview:large, max-video-preview:-1\" \/>\n<link rel=\"canonical\" href=\"https:\/\/spolekjiznisudan.cz\/en\/2025\/09\/01\/1063620\/\" \/>\n<meta property=\"og:locale\" content=\"en_GB\" \/>\n<meta property=\"og:type\" content=\"article\" \/>\n<meta property=\"og:title\" content=\"- Spolek pro Ji\u017en\u00ed S\u00fad\u00e1n\" \/>\n<meta property=\"og:description\" content=\"Sestra Marta, \u00fa\u010dastnice lednov\u00e9 v\u00fdpravy do Ji\u017en\u00edho S\u00fad\u00e1nu, publikovala v&nbsp;\u010dasopise Br\u00e1na z\u00e1znamy ze sv\u00e9ho mision\u00e1\u0159sk\u00e9ho den\u00edku&#8230; &nbsp;\" \/>\n<meta property=\"og:url\" content=\"https:\/\/spolekjiznisudan.cz\/en\/2025\/09\/01\/1063620\/\" \/>\n<meta property=\"og:site_name\" content=\"Spolek pro Ji\u017en\u00ed S\u00fad\u00e1n\" \/>\n<meta property=\"article:published_time\" content=\"2025-09-01T08:40:54+00:00\" \/>\n<meta property=\"article:modified_time\" content=\"2025-11-15T14:33:37+00:00\" \/>\n<meta property=\"og:image\" content=\"https:\/\/spolekjiznisudan.cz\/wp-content\/uploads\/2025\/09\/Pred-nasi-ordinaci-v-Ayii-scaled.jpg\" \/>\n\t<meta property=\"og:image:width\" content=\"2560\" \/>\n\t<meta property=\"og:image:height\" content=\"1915\" \/>\n\t<meta property=\"og:image:type\" content=\"image\/jpeg\" \/>\n<meta name=\"author\" content=\"David Floryk\" \/>\n<meta name=\"twitter:card\" content=\"summary_large_image\" \/>\n<meta name=\"twitter:label1\" content=\"Written by\" \/>\n\t<meta name=\"twitter:data1\" content=\"David Floryk\" \/>\n\t<meta name=\"twitter:label2\" content=\"Estimated reading time\" \/>\n\t<meta name=\"twitter:data2\" content=\"1 minute\" \/>\n<script type=\"application\/ld+json\" class=\"yoast-schema-graph\">{\"@context\":\"https:\\\/\\\/schema.org\",\"@graph\":[{\"@type\":\"Article\",\"@id\":\"https:\\\/\\\/spolekjiznisudan.cz\\\/2025\\\/09\\\/01\\\/1063620\\\/#article\",\"isPartOf\":{\"@id\":\"https:\\\/\\\/spolekjiznisudan.cz\\\/2025\\\/09\\\/01\\\/1063620\\\/\"},\"author\":{\"name\":\"David Floryk\",\"@id\":\"https:\\\/\\\/spolekjiznisudan.cz\\\/#\\\/schema\\\/person\\\/ed79a552b2f1cb527b486144123b5d8c\"},\"headline\":\"No title\",\"datePublished\":\"2025-09-01T08:40:54+00:00\",\"dateModified\":\"2025-11-15T14:33:37+00:00\",\"mainEntityOfPage\":{\"@id\":\"https:\\\/\\\/spolekjiznisudan.cz\\\/2025\\\/09\\\/01\\\/1063620\\\/\"},\"wordCount\":40,\"commentCount\":0,\"image\":{\"@id\":\"https:\\\/\\\/spolekjiznisudan.cz\\\/2025\\\/09\\\/01\\\/1063620\\\/#primaryimage\"},\"thumbnailUrl\":\"https:\\\/\\\/spolekjiznisudan.cz\\\/wp-content\\\/uploads\\\/2025\\\/09\\\/Pred-nasi-ordinaci-v-Ayii-scaled.jpg\",\"articleSection\":[\"Aktuality\"],\"inLanguage\":\"en-GB\",\"potentialAction\":[{\"@type\":\"CommentAction\",\"name\":\"Comment\",\"target\":[\"https:\\\/\\\/spolekjiznisudan.cz\\\/2025\\\/09\\\/01\\\/1063620\\\/#respond\"]}]},{\"@type\":\"WebPage\",\"@id\":\"https:\\\/\\\/spolekjiznisudan.cz\\\/2025\\\/09\\\/01\\\/1063620\\\/\",\"url\":\"https:\\\/\\\/spolekjiznisudan.cz\\\/2025\\\/09\\\/01\\\/1063620\\\/\",\"name\":\"- Spolek pro Ji\u017en\u00ed S\u00fad\u00e1n\",\"isPartOf\":{\"@id\":\"https:\\\/\\\/spolekjiznisudan.cz\\\/#website\"},\"primaryImageOfPage\":{\"@id\":\"https:\\\/\\\/spolekjiznisudan.cz\\\/2025\\\/09\\\/01\\\/1063620\\\/#primaryimage\"},\"image\":{\"@id\":\"https:\\\/\\\/spolekjiznisudan.cz\\\/2025\\\/09\\\/01\\\/1063620\\\/#primaryimage\"},\"thumbnailUrl\":\"https:\\\/\\\/spolekjiznisudan.cz\\\/wp-content\\\/uploads\\\/2025\\\/09\\\/Pred-nasi-ordinaci-v-Ayii-scaled.jpg\",\"datePublished\":\"2025-09-01T08:40:54+00:00\",\"dateModified\":\"2025-11-15T14:33:37+00:00\",\"author\":{\"@id\":\"https:\\\/\\\/spolekjiznisudan.cz\\\/#\\\/schema\\\/person\\\/ed79a552b2f1cb527b486144123b5d8c\"},\"inLanguage\":\"en-GB\",\"potentialAction\":[{\"@type\":\"ReadAction\",\"target\":[\"https:\\\/\\\/spolekjiznisudan.cz\\\/2025\\\/09\\\/01\\\/1063620\\\/\"]}]},{\"@type\":\"ImageObject\",\"inLanguage\":\"en-GB\",\"@id\":\"https:\\\/\\\/spolekjiznisudan.cz\\\/2025\\\/09\\\/01\\\/1063620\\\/#primaryimage\",\"url\":\"https:\\\/\\\/spolekjiznisudan.cz\\\/wp-content\\\/uploads\\\/2025\\\/09\\\/Pred-nasi-ordinaci-v-Ayii-scaled.jpg\",\"contentUrl\":\"https:\\\/\\\/spolekjiznisudan.cz\\\/wp-content\\\/uploads\\\/2025\\\/09\\\/Pred-nasi-ordinaci-v-Ayii-scaled.jpg\",\"width\":2560,\"height\":1915},{\"@type\":\"WebSite\",\"@id\":\"https:\\\/\\\/spolekjiznisudan.cz\\\/#website\",\"url\":\"https:\\\/\\\/spolekjiznisudan.cz\\\/\",\"name\":\"Spolek pro Ji\u017en\u00ed S\u00fad\u00e1n\",\"description\":\"\",\"potentialAction\":[{\"@type\":\"SearchAction\",\"target\":{\"@type\":\"EntryPoint\",\"urlTemplate\":\"https:\\\/\\\/spolekjiznisudan.cz\\\/?s={search_term_string}\"},\"query-input\":{\"@type\":\"PropertyValueSpecification\",\"valueRequired\":true,\"valueName\":\"search_term_string\"}}],\"inLanguage\":\"en-GB\"},{\"@type\":\"Person\",\"@id\":\"https:\\\/\\\/spolekjiznisudan.cz\\\/#\\\/schema\\\/person\\\/ed79a552b2f1cb527b486144123b5d8c\",\"name\":\"David Floryk\",\"image\":{\"@type\":\"ImageObject\",\"inLanguage\":\"en-GB\",\"@id\":\"https:\\\/\\\/secure.gravatar.com\\\/avatar\\\/3ddcf553ae8aca82b3e7abb4dd719b549ff1d64e7e9dc67ccc709c1d9e543a10?s=96&d=mm&r=g\",\"url\":\"https:\\\/\\\/secure.gravatar.com\\\/avatar\\\/3ddcf553ae8aca82b3e7abb4dd719b549ff1d64e7e9dc67ccc709c1d9e543a10?s=96&d=mm&r=g\",\"contentUrl\":\"https:\\\/\\\/secure.gravatar.com\\\/avatar\\\/3ddcf553ae8aca82b3e7abb4dd719b549ff1d64e7e9dc67ccc709c1d9e543a10?s=96&d=mm&r=g\",\"caption\":\"David Floryk\"},\"url\":\"https:\\\/\\\/spolekjiznisudan.cz\\\/en\\\/author\\\/davidf\\\/\"}]}<\/script>\n<!-- \/ Yoast SEO plugin. -->","yoast_head_json":{"title":"- Spolek pro Ji\u017en\u00ed S\u00fad\u00e1n","robots":{"index":"index","follow":"follow","max-snippet":"max-snippet:-1","max-image-preview":"max-image-preview:large","max-video-preview":"max-video-preview:-1"},"canonical":"https:\/\/spolekjiznisudan.cz\/en\/2025\/09\/01\/1063620\/","og_locale":"en_GB","og_type":"article","og_title":"- Spolek pro Ji\u017en\u00ed S\u00fad\u00e1n","og_description":"Sestra Marta, \u00fa\u010dastnice lednov\u00e9 v\u00fdpravy do Ji\u017en\u00edho S\u00fad\u00e1nu, publikovala v&nbsp;\u010dasopise Br\u00e1na z\u00e1znamy ze sv\u00e9ho mision\u00e1\u0159sk\u00e9ho den\u00edku&#8230; &nbsp;","og_url":"https:\/\/spolekjiznisudan.cz\/en\/2025\/09\/01\/1063620\/","og_site_name":"Spolek pro Ji\u017en\u00ed S\u00fad\u00e1n","article_published_time":"2025-09-01T08:40:54+00:00","article_modified_time":"2025-11-15T14:33:37+00:00","og_image":[{"width":2560,"height":1915,"url":"https:\/\/spolekjiznisudan.cz\/wp-content\/uploads\/2025\/09\/Pred-nasi-ordinaci-v-Ayii-scaled.jpg","type":"image\/jpeg"}],"author":"David Floryk","twitter_card":"summary_large_image","twitter_misc":{"Written by":"David Floryk","Estimated reading time":"1 minute"},"schema":{"@context":"https:\/\/schema.org","@graph":[{"@type":"Article","@id":"https:\/\/spolekjiznisudan.cz\/2025\/09\/01\/1063620\/#article","isPartOf":{"@id":"https:\/\/spolekjiznisudan.cz\/2025\/09\/01\/1063620\/"},"author":{"name":"David Floryk","@id":"https:\/\/spolekjiznisudan.cz\/#\/schema\/person\/ed79a552b2f1cb527b486144123b5d8c"},"headline":"No title","datePublished":"2025-09-01T08:40:54+00:00","dateModified":"2025-11-15T14:33:37+00:00","mainEntityOfPage":{"@id":"https:\/\/spolekjiznisudan.cz\/2025\/09\/01\/1063620\/"},"wordCount":40,"commentCount":0,"image":{"@id":"https:\/\/spolekjiznisudan.cz\/2025\/09\/01\/1063620\/#primaryimage"},"thumbnailUrl":"https:\/\/spolekjiznisudan.cz\/wp-content\/uploads\/2025\/09\/Pred-nasi-ordinaci-v-Ayii-scaled.jpg","articleSection":["Aktuality"],"inLanguage":"en-GB","potentialAction":[{"@type":"CommentAction","name":"Comment","target":["https:\/\/spolekjiznisudan.cz\/2025\/09\/01\/1063620\/#respond"]}]},{"@type":"WebPage","@id":"https:\/\/spolekjiznisudan.cz\/2025\/09\/01\/1063620\/","url":"https:\/\/spolekjiznisudan.cz\/2025\/09\/01\/1063620\/","name":"- Spolek pro Ji\u017en\u00ed S\u00fad\u00e1n","isPartOf":{"@id":"https:\/\/spolekjiznisudan.cz\/#website"},"primaryImageOfPage":{"@id":"https:\/\/spolekjiznisudan.cz\/2025\/09\/01\/1063620\/#primaryimage"},"image":{"@id":"https:\/\/spolekjiznisudan.cz\/2025\/09\/01\/1063620\/#primaryimage"},"thumbnailUrl":"https:\/\/spolekjiznisudan.cz\/wp-content\/uploads\/2025\/09\/Pred-nasi-ordinaci-v-Ayii-scaled.jpg","datePublished":"2025-09-01T08:40:54+00:00","dateModified":"2025-11-15T14:33:37+00:00","author":{"@id":"https:\/\/spolekjiznisudan.cz\/#\/schema\/person\/ed79a552b2f1cb527b486144123b5d8c"},"inLanguage":"en-GB","potentialAction":[{"@type":"ReadAction","target":["https:\/\/spolekjiznisudan.cz\/2025\/09\/01\/1063620\/"]}]},{"@type":"ImageObject","inLanguage":"en-GB","@id":"https:\/\/spolekjiznisudan.cz\/2025\/09\/01\/1063620\/#primaryimage","url":"https:\/\/spolekjiznisudan.cz\/wp-content\/uploads\/2025\/09\/Pred-nasi-ordinaci-v-Ayii-scaled.jpg","contentUrl":"https:\/\/spolekjiznisudan.cz\/wp-content\/uploads\/2025\/09\/Pred-nasi-ordinaci-v-Ayii-scaled.jpg","width":2560,"height":1915},{"@type":"WebSite","@id":"https:\/\/spolekjiznisudan.cz\/#website","url":"https:\/\/spolekjiznisudan.cz\/","name":"ASSOCIATION FOR SOUTH SUDAN","description":"","potentialAction":[{"@type":"SearchAction","target":{"@type":"EntryPoint","urlTemplate":"https:\/\/spolekjiznisudan.cz\/?s={search_term_string}"},"query-input":{"@type":"PropertyValueSpecification","valueRequired":true,"valueName":"search_term_string"}}],"inLanguage":"en-GB"},{"@type":"Person","@id":"https:\/\/spolekjiznisudan.cz\/#\/schema\/person\/ed79a552b2f1cb527b486144123b5d8c","name":"David Floryk","image":{"@type":"ImageObject","inLanguage":"en-GB","@id":"https:\/\/secure.gravatar.com\/avatar\/3ddcf553ae8aca82b3e7abb4dd719b549ff1d64e7e9dc67ccc709c1d9e543a10?s=96&d=mm&r=g","url":"https:\/\/secure.gravatar.com\/avatar\/3ddcf553ae8aca82b3e7abb4dd719b549ff1d64e7e9dc67ccc709c1d9e543a10?s=96&d=mm&r=g","contentUrl":"https:\/\/secure.gravatar.com\/avatar\/3ddcf553ae8aca82b3e7abb4dd719b549ff1d64e7e9dc67ccc709c1d9e543a10?s=96&d=mm&r=g","caption":"David Floryk"},"url":"https:\/\/spolekjiznisudan.cz\/en\/author\/davidf\/"}]}},"_links":{"self":[{"href":"https:\/\/spolekjiznisudan.cz\/en\/wp-json\/wp\/v2\/posts\/1063620","targetHints":{"allow":["GET"]}}],"collection":[{"href":"https:\/\/spolekjiznisudan.cz\/en\/wp-json\/wp\/v2\/posts"}],"about":[{"href":"https:\/\/spolekjiznisudan.cz\/en\/wp-json\/wp\/v2\/types\/post"}],"author":[{"embeddable":true,"href":"https:\/\/spolekjiznisudan.cz\/en\/wp-json\/wp\/v2\/users\/4"}],"replies":[{"embeddable":true,"href":"https:\/\/spolekjiznisudan.cz\/en\/wp-json\/wp\/v2\/comments?post=1063620"}],"version-history":[{"count":4,"href":"https:\/\/spolekjiznisudan.cz\/en\/wp-json\/wp\/v2\/posts\/1063620\/revisions"}],"predecessor-version":[{"id":1063648,"href":"https:\/\/spolekjiznisudan.cz\/en\/wp-json\/wp\/v2\/posts\/1063620\/revisions\/1063648"}],"wp:featuredmedia":[{"embeddable":true,"href":"https:\/\/spolekjiznisudan.cz\/en\/wp-json\/wp\/v2\/media\/1063622"}],"wp:attachment":[{"href":"https:\/\/spolekjiznisudan.cz\/en\/wp-json\/wp\/v2\/media?parent=1063620"}],"wp:term":[{"taxonomy":"category","embeddable":true,"href":"https:\/\/spolekjiznisudan.cz\/en\/wp-json\/wp\/v2\/categories?post=1063620"},{"taxonomy":"post_tag","embeddable":true,"href":"https:\/\/spolekjiznisudan.cz\/en\/wp-json\/wp\/v2\/tags?post=1063620"}],"curies":[{"name":"wp","href":"https:\/\/api.w.org\/{rel}","templated":true}]}}