{"id":1063531,"date":"2024-07-24T17:58:12","date_gmt":"2024-07-24T15:58:12","guid":{"rendered":"https:\/\/spolekjiznisudan.cz\/?p=1063531"},"modified":"2024-07-24T18:05:06","modified_gmt":"2024-07-24T16:05:06","slug":"dopis-darcum-podporujicim-deti-v-jiznim-sudanu","status":"publish","type":"post","link":"https:\/\/spolekjiznisudan.cz\/en\/2024\/07\/24\/dopis-darcum-podporujicim-deti-v-jiznim-sudanu\/","title":{"rendered":"DOPIS V\u0160EM, KDO PODPORUJ\u00cd D\u011aTI V&nbsp;JI\u017dN\u00cdM S\u00daD\u00c1NU"},"content":{"rendered":"<p>T\u00fdm Spolku pro Ji\u017en\u00ed S\u00fad\u00e1n nav\u0161t\u00edvil letos v&nbsp;\u010dervnu jihos\u00fad\u00e1nskou osadu Obama, kde \u017eij\u00ed sirotci podporovan\u00ed z&nbsp;\u010cR. Pan\u00ed Eva si s&nbsp;d\u011btmi pov\u00eddala mezi \u010dty\u0159ma o\u010dima a sv\u00e9 post\u0159ehy sd\u00edl\u00ed v&nbsp;dopise, kter\u00fd naleznete <strong><a href=\"https:\/\/mezinarodni-potreby.cz\/2024\/07\/16\/dopis-od-deti-z-jizniho-sudanu\/?utm_source=ecomail&amp;utm_campaign=2024_07_18_test_cz_2024_07_s_vz_2023vy_copy&amp;utm_medium=email&amp;utm_term=12586&amp;ecmid=3668\">zde<\/a><\/strong><\/p>","protected":false},"excerpt":{"rendered":"<p>T\u00fdm Spolku pro Ji\u017en\u00ed S\u00fad\u00e1n nav\u0161t\u00edvil letos v&nbsp;\u010dervnu jihos\u00fad\u00e1nskou osadu Obama, kde \u017eij\u00ed sirotci podporovan\u00ed z&nbsp;\u010cR. Pan\u00ed Eva si s&nbsp;d\u011btmi pov\u00eddala mezi \u010dty\u0159ma o\u010dima a sv\u00e9 post\u0159ehy sd\u00edl\u00ed v&nbsp;dopise, kter\u00fd naleznete zde<\/p>","protected":false},"author":4,"featured_media":1063530,"comment_status":"open","ping_status":"open","sticky":false,"template":"","format":"standard","meta":{"_exactmetrics_skip_tracking":false,"_exactmetrics_sitenote_active":false,"_exactmetrics_sitenote_note":"","_exactmetrics_sitenote_category":0,"footnotes":""},"categories":[4],"tags":[],"class_list":["post-1063531","post","type-post","status-publish","format-standard","has-post-thumbnail","hentry","category-aktuality"],"yoast_head":"<!-- This site is optimized with the Yoast SEO plugin v27.5 - https:\/\/yoast.com\/product\/yoast-seo-wordpress\/ -->\n<title>DOPIS V\u0160EM, KDO PODPORUJ\u00cd D\u011aTI V JI\u017dN\u00cdM S\u00daD\u00c1NU - Spolek pro Ji\u017en\u00ed S\u00fad\u00e1n<\/title>\n<meta name=\"robots\" content=\"index, follow, max-snippet:-1, max-image-preview:large, max-video-preview:-1\" \/>\n<link rel=\"canonical\" href=\"https:\/\/spolekjiznisudan.cz\/en\/2024\/07\/24\/dopis-darcum-podporujicim-deti-v-jiznim-sudanu\/\" \/>\n<meta property=\"og:locale\" content=\"en_GB\" \/>\n<meta property=\"og:type\" content=\"article\" \/>\n<meta property=\"og:title\" content=\"DOPIS V\u0160EM, KDO PODPORUJ\u00cd D\u011aTI V JI\u017dN\u00cdM S\u00daD\u00c1NU - Spolek pro Ji\u017en\u00ed S\u00fad\u00e1n\" \/>\n<meta property=\"og:description\" content=\"T\u00fdm Spolku pro Ji\u017en\u00ed S\u00fad\u00e1n nav\u0161t\u00edvil letos v&nbsp;\u010dervnu jihos\u00fad\u00e1nskou osadu Obama, kde \u017eij\u00ed sirotci podporovan\u00ed z&nbsp;\u010cR. Pan\u00ed Eva si s&nbsp;d\u011btmi pov\u00eddala mezi \u010dty\u0159ma o\u010dima a sv\u00e9 post\u0159ehy sd\u00edl\u00ed v&nbsp;dopise, kter\u00fd naleznete zde\" \/>\n<meta property=\"og:url\" content=\"https:\/\/spolekjiznisudan.cz\/en\/2024\/07\/24\/dopis-darcum-podporujicim-deti-v-jiznim-sudanu\/\" \/>\n<meta property=\"og:site_name\" content=\"Spolek pro Ji\u017en\u00ed S\u00fad\u00e1n\" \/>\n<meta property=\"article:published_time\" content=\"2024-07-24T15:58:12+00:00\" \/>\n<meta property=\"article:modified_time\" content=\"2024-07-24T16:05:06+00:00\" \/>\n<meta property=\"og:image\" content=\"https:\/\/spolekjiznisudan.cz\/wp-content\/uploads\/2024\/07\/eva.jpg\" \/>\n\t<meta property=\"og:image:width\" content=\"666\" \/>\n\t<meta property=\"og:image:height\" content=\"533\" \/>\n\t<meta property=\"og:image:type\" content=\"image\/jpeg\" \/>\n<meta name=\"author\" content=\"David Floryk\" \/>\n<meta name=\"twitter:card\" content=\"summary_large_image\" \/>\n<meta name=\"twitter:label1\" content=\"Written by\" \/>\n\t<meta name=\"twitter:data1\" content=\"David Floryk\" \/>\n\t<meta name=\"twitter:label2\" content=\"Estimated reading time\" \/>\n\t<meta name=\"twitter:data2\" content=\"1 minute\" \/>\n<script type=\"application\/ld+json\" class=\"yoast-schema-graph\">{\"@context\":\"https:\\\/\\\/schema.org\",\"@graph\":[{\"@type\":\"Article\",\"@id\":\"https:\\\/\\\/spolekjiznisudan.cz\\\/2024\\\/07\\\/24\\\/dopis-darcum-podporujicim-deti-v-jiznim-sudanu\\\/#article\",\"isPartOf\":{\"@id\":\"https:\\\/\\\/spolekjiznisudan.cz\\\/2024\\\/07\\\/24\\\/dopis-darcum-podporujicim-deti-v-jiznim-sudanu\\\/\"},\"author\":{\"name\":\"David Floryk\",\"@id\":\"https:\\\/\\\/spolekjiznisudan.cz\\\/#\\\/schema\\\/person\\\/ed79a552b2f1cb527b486144123b5d8c\"},\"headline\":\"DOPIS V\u0160EM, KDO PODPORUJ\u00cd D\u011aTI V&nbsp;JI\u017dN\u00cdM S\u00daD\u00c1NU\",\"datePublished\":\"2024-07-24T15:58:12+00:00\",\"dateModified\":\"2024-07-24T16:05:06+00:00\",\"mainEntityOfPage\":{\"@id\":\"https:\\\/\\\/spolekjiznisudan.cz\\\/2024\\\/07\\\/24\\\/dopis-darcum-podporujicim-deti-v-jiznim-sudanu\\\/\"},\"wordCount\":64,\"commentCount\":0,\"image\":{\"@id\":\"https:\\\/\\\/spolekjiznisudan.cz\\\/2024\\\/07\\\/24\\\/dopis-darcum-podporujicim-deti-v-jiznim-sudanu\\\/#primaryimage\"},\"thumbnailUrl\":\"https:\\\/\\\/spolekjiznisudan.cz\\\/wp-content\\\/uploads\\\/2024\\\/07\\\/eva.jpg\",\"articleSection\":[\"Aktuality\"],\"inLanguage\":\"en-GB\",\"potentialAction\":[{\"@type\":\"CommentAction\",\"name\":\"Comment\",\"target\":[\"https:\\\/\\\/spolekjiznisudan.cz\\\/2024\\\/07\\\/24\\\/dopis-darcum-podporujicim-deti-v-jiznim-sudanu\\\/#respond\"]}]},{\"@type\":\"WebPage\",\"@id\":\"https:\\\/\\\/spolekjiznisudan.cz\\\/2024\\\/07\\\/24\\\/dopis-darcum-podporujicim-deti-v-jiznim-sudanu\\\/\",\"url\":\"https:\\\/\\\/spolekjiznisudan.cz\\\/2024\\\/07\\\/24\\\/dopis-darcum-podporujicim-deti-v-jiznim-sudanu\\\/\",\"name\":\"DOPIS V\u0160EM, KDO PODPORUJ\u00cd D\u011aTI V JI\u017dN\u00cdM S\u00daD\u00c1NU - Spolek pro Ji\u017en\u00ed S\u00fad\u00e1n\",\"isPartOf\":{\"@id\":\"https:\\\/\\\/spolekjiznisudan.cz\\\/#website\"},\"primaryImageOfPage\":{\"@id\":\"https:\\\/\\\/spolekjiznisudan.cz\\\/2024\\\/07\\\/24\\\/dopis-darcum-podporujicim-deti-v-jiznim-sudanu\\\/#primaryimage\"},\"image\":{\"@id\":\"https:\\\/\\\/spolekjiznisudan.cz\\\/2024\\\/07\\\/24\\\/dopis-darcum-podporujicim-deti-v-jiznim-sudanu\\\/#primaryimage\"},\"thumbnailUrl\":\"https:\\\/\\\/spolekjiznisudan.cz\\\/wp-content\\\/uploads\\\/2024\\\/07\\\/eva.jpg\",\"datePublished\":\"2024-07-24T15:58:12+00:00\",\"dateModified\":\"2024-07-24T16:05:06+00:00\",\"author\":{\"@id\":\"https:\\\/\\\/spolekjiznisudan.cz\\\/#\\\/schema\\\/person\\\/ed79a552b2f1cb527b486144123b5d8c\"},\"breadcrumb\":{\"@id\":\"https:\\\/\\\/spolekjiznisudan.cz\\\/2024\\\/07\\\/24\\\/dopis-darcum-podporujicim-deti-v-jiznim-sudanu\\\/#breadcrumb\"},\"inLanguage\":\"en-GB\",\"potentialAction\":[{\"@type\":\"ReadAction\",\"target\":[\"https:\\\/\\\/spolekjiznisudan.cz\\\/2024\\\/07\\\/24\\\/dopis-darcum-podporujicim-deti-v-jiznim-sudanu\\\/\"]}]},{\"@type\":\"ImageObject\",\"inLanguage\":\"en-GB\",\"@id\":\"https:\\\/\\\/spolekjiznisudan.cz\\\/2024\\\/07\\\/24\\\/dopis-darcum-podporujicim-deti-v-jiznim-sudanu\\\/#primaryimage\",\"url\":\"https:\\\/\\\/spolekjiznisudan.cz\\\/wp-content\\\/uploads\\\/2024\\\/07\\\/eva.jpg\",\"contentUrl\":\"https:\\\/\\\/spolekjiznisudan.cz\\\/wp-content\\\/uploads\\\/2024\\\/07\\\/eva.jpg\",\"width\":666,\"height\":533},{\"@type\":\"BreadcrumbList\",\"@id\":\"https:\\\/\\\/spolekjiznisudan.cz\\\/2024\\\/07\\\/24\\\/dopis-darcum-podporujicim-deti-v-jiznim-sudanu\\\/#breadcrumb\",\"itemListElement\":[{\"@type\":\"ListItem\",\"position\":1,\"name\":\"Home\",\"item\":\"https:\\\/\\\/spolekjiznisudan.cz\\\/\"},{\"@type\":\"ListItem\",\"position\":2,\"name\":\"DOPIS V\u0160EM, KDO PODPORUJ\u00cd D\u011aTI V&nbsp;JI\u017dN\u00cdM S\u00daD\u00c1NU\"}]},{\"@type\":\"WebSite\",\"@id\":\"https:\\\/\\\/spolekjiznisudan.cz\\\/#website\",\"url\":\"https:\\\/\\\/spolekjiznisudan.cz\\\/\",\"name\":\"Spolek pro Ji\u017en\u00ed S\u00fad\u00e1n\",\"description\":\"\",\"potentialAction\":[{\"@type\":\"SearchAction\",\"target\":{\"@type\":\"EntryPoint\",\"urlTemplate\":\"https:\\\/\\\/spolekjiznisudan.cz\\\/?s={search_term_string}\"},\"query-input\":{\"@type\":\"PropertyValueSpecification\",\"valueRequired\":true,\"valueName\":\"search_term_string\"}}],\"inLanguage\":\"en-GB\"},{\"@type\":\"Person\",\"@id\":\"https:\\\/\\\/spolekjiznisudan.cz\\\/#\\\/schema\\\/person\\\/ed79a552b2f1cb527b486144123b5d8c\",\"name\":\"David Floryk\",\"image\":{\"@type\":\"ImageObject\",\"inLanguage\":\"en-GB\",\"@id\":\"https:\\\/\\\/secure.gravatar.com\\\/avatar\\\/3ddcf553ae8aca82b3e7abb4dd719b549ff1d64e7e9dc67ccc709c1d9e543a10?s=96&d=mm&r=g\",\"url\":\"https:\\\/\\\/secure.gravatar.com\\\/avatar\\\/3ddcf553ae8aca82b3e7abb4dd719b549ff1d64e7e9dc67ccc709c1d9e543a10?s=96&d=mm&r=g\",\"contentUrl\":\"https:\\\/\\\/secure.gravatar.com\\\/avatar\\\/3ddcf553ae8aca82b3e7abb4dd719b549ff1d64e7e9dc67ccc709c1d9e543a10?s=96&d=mm&r=g\",\"caption\":\"David Floryk\"},\"url\":\"https:\\\/\\\/spolekjiznisudan.cz\\\/en\\\/author\\\/davidf\\\/\"}]}<\/script>\n<!-- \/ Yoast SEO plugin. -->","yoast_head_json":{"title":"DOPIS V\u0160EM, KDO PODPORUJ\u00cd D\u011aTI V JI\u017dN\u00cdM S\u00daD\u00c1NU - Spolek pro Ji\u017en\u00ed S\u00fad\u00e1n","robots":{"index":"index","follow":"follow","max-snippet":"max-snippet:-1","max-image-preview":"max-image-preview:large","max-video-preview":"max-video-preview:-1"},"canonical":"https:\/\/spolekjiznisudan.cz\/en\/2024\/07\/24\/dopis-darcum-podporujicim-deti-v-jiznim-sudanu\/","og_locale":"en_GB","og_type":"article","og_title":"DOPIS V\u0160EM, KDO PODPORUJ\u00cd D\u011aTI V JI\u017dN\u00cdM S\u00daD\u00c1NU - Spolek pro Ji\u017en\u00ed S\u00fad\u00e1n","og_description":"T\u00fdm Spolku pro Ji\u017en\u00ed S\u00fad\u00e1n nav\u0161t\u00edvil letos v&nbsp;\u010dervnu jihos\u00fad\u00e1nskou osadu Obama, kde \u017eij\u00ed sirotci podporovan\u00ed z&nbsp;\u010cR. Pan\u00ed Eva si s&nbsp;d\u011btmi pov\u00eddala mezi \u010dty\u0159ma o\u010dima a sv\u00e9 post\u0159ehy sd\u00edl\u00ed v&nbsp;dopise, kter\u00fd naleznete zde","og_url":"https:\/\/spolekjiznisudan.cz\/en\/2024\/07\/24\/dopis-darcum-podporujicim-deti-v-jiznim-sudanu\/","og_site_name":"Spolek pro Ji\u017en\u00ed S\u00fad\u00e1n","article_published_time":"2024-07-24T15:58:12+00:00","article_modified_time":"2024-07-24T16:05:06+00:00","og_image":[{"width":666,"height":533,"url":"https:\/\/spolekjiznisudan.cz\/wp-content\/uploads\/2024\/07\/eva.jpg","type":"image\/jpeg"}],"author":"David Floryk","twitter_card":"summary_large_image","twitter_misc":{"Written by":"David Floryk","Estimated reading time":"1 minute"},"schema":{"@context":"https:\/\/schema.org","@graph":[{"@type":"Article","@id":"https:\/\/spolekjiznisudan.cz\/2024\/07\/24\/dopis-darcum-podporujicim-deti-v-jiznim-sudanu\/#article","isPartOf":{"@id":"https:\/\/spolekjiznisudan.cz\/2024\/07\/24\/dopis-darcum-podporujicim-deti-v-jiznim-sudanu\/"},"author":{"name":"David Floryk","@id":"https:\/\/spolekjiznisudan.cz\/#\/schema\/person\/ed79a552b2f1cb527b486144123b5d8c"},"headline":"DOPIS V\u0160EM, KDO PODPORUJ\u00cd D\u011aTI V&nbsp;JI\u017dN\u00cdM S\u00daD\u00c1NU","datePublished":"2024-07-24T15:58:12+00:00","dateModified":"2024-07-24T16:05:06+00:00","mainEntityOfPage":{"@id":"https:\/\/spolekjiznisudan.cz\/2024\/07\/24\/dopis-darcum-podporujicim-deti-v-jiznim-sudanu\/"},"wordCount":64,"commentCount":0,"image":{"@id":"https:\/\/spolekjiznisudan.cz\/2024\/07\/24\/dopis-darcum-podporujicim-deti-v-jiznim-sudanu\/#primaryimage"},"thumbnailUrl":"https:\/\/spolekjiznisudan.cz\/wp-content\/uploads\/2024\/07\/eva.jpg","articleSection":["Aktuality"],"inLanguage":"en-GB","potentialAction":[{"@type":"CommentAction","name":"Comment","target":["https:\/\/spolekjiznisudan.cz\/2024\/07\/24\/dopis-darcum-podporujicim-deti-v-jiznim-sudanu\/#respond"]}]},{"@type":"WebPage","@id":"https:\/\/spolekjiznisudan.cz\/2024\/07\/24\/dopis-darcum-podporujicim-deti-v-jiznim-sudanu\/","url":"https:\/\/spolekjiznisudan.cz\/2024\/07\/24\/dopis-darcum-podporujicim-deti-v-jiznim-sudanu\/","name":"DOPIS V\u0160EM, KDO PODPORUJ\u00cd D\u011aTI V JI\u017dN\u00cdM S\u00daD\u00c1NU - Spolek pro Ji\u017en\u00ed S\u00fad\u00e1n","isPartOf":{"@id":"https:\/\/spolekjiznisudan.cz\/#website"},"primaryImageOfPage":{"@id":"https:\/\/spolekjiznisudan.cz\/2024\/07\/24\/dopis-darcum-podporujicim-deti-v-jiznim-sudanu\/#primaryimage"},"image":{"@id":"https:\/\/spolekjiznisudan.cz\/2024\/07\/24\/dopis-darcum-podporujicim-deti-v-jiznim-sudanu\/#primaryimage"},"thumbnailUrl":"https:\/\/spolekjiznisudan.cz\/wp-content\/uploads\/2024\/07\/eva.jpg","datePublished":"2024-07-24T15:58:12+00:00","dateModified":"2024-07-24T16:05:06+00:00","author":{"@id":"https:\/\/spolekjiznisudan.cz\/#\/schema\/person\/ed79a552b2f1cb527b486144123b5d8c"},"breadcrumb":{"@id":"https:\/\/spolekjiznisudan.cz\/2024\/07\/24\/dopis-darcum-podporujicim-deti-v-jiznim-sudanu\/#breadcrumb"},"inLanguage":"en-GB","potentialAction":[{"@type":"ReadAction","target":["https:\/\/spolekjiznisudan.cz\/2024\/07\/24\/dopis-darcum-podporujicim-deti-v-jiznim-sudanu\/"]}]},{"@type":"ImageObject","inLanguage":"en-GB","@id":"https:\/\/spolekjiznisudan.cz\/2024\/07\/24\/dopis-darcum-podporujicim-deti-v-jiznim-sudanu\/#primaryimage","url":"https:\/\/spolekjiznisudan.cz\/wp-content\/uploads\/2024\/07\/eva.jpg","contentUrl":"https:\/\/spolekjiznisudan.cz\/wp-content\/uploads\/2024\/07\/eva.jpg","width":666,"height":533},{"@type":"BreadcrumbList","@id":"https:\/\/spolekjiznisudan.cz\/2024\/07\/24\/dopis-darcum-podporujicim-deti-v-jiznim-sudanu\/#breadcrumb","itemListElement":[{"@type":"ListItem","position":1,"name":"Home","item":"https:\/\/spolekjiznisudan.cz\/"},{"@type":"ListItem","position":2,"name":"DOPIS V\u0160EM, KDO PODPORUJ\u00cd D\u011aTI V&nbsp;JI\u017dN\u00cdM S\u00daD\u00c1NU"}]},{"@type":"WebSite","@id":"https:\/\/spolekjiznisudan.cz\/#website","url":"https:\/\/spolekjiznisudan.cz\/","name":"ASSOCIATION FOR SOUTH SUDAN","description":"","potentialAction":[{"@type":"SearchAction","target":{"@type":"EntryPoint","urlTemplate":"https:\/\/spolekjiznisudan.cz\/?s={search_term_string}"},"query-input":{"@type":"PropertyValueSpecification","valueRequired":true,"valueName":"search_term_string"}}],"inLanguage":"en-GB"},{"@type":"Person","@id":"https:\/\/spolekjiznisudan.cz\/#\/schema\/person\/ed79a552b2f1cb527b486144123b5d8c","name":"David Floryk","image":{"@type":"ImageObject","inLanguage":"en-GB","@id":"https:\/\/secure.gravatar.com\/avatar\/3ddcf553ae8aca82b3e7abb4dd719b549ff1d64e7e9dc67ccc709c1d9e543a10?s=96&d=mm&r=g","url":"https:\/\/secure.gravatar.com\/avatar\/3ddcf553ae8aca82b3e7abb4dd719b549ff1d64e7e9dc67ccc709c1d9e543a10?s=96&d=mm&r=g","contentUrl":"https:\/\/secure.gravatar.com\/avatar\/3ddcf553ae8aca82b3e7abb4dd719b549ff1d64e7e9dc67ccc709c1d9e543a10?s=96&d=mm&r=g","caption":"David Floryk"},"url":"https:\/\/spolekjiznisudan.cz\/en\/author\/davidf\/"}]}},"_links":{"self":[{"href":"https:\/\/spolekjiznisudan.cz\/en\/wp-json\/wp\/v2\/posts\/1063531","targetHints":{"allow":["GET"]}}],"collection":[{"href":"https:\/\/spolekjiznisudan.cz\/en\/wp-json\/wp\/v2\/posts"}],"about":[{"href":"https:\/\/spolekjiznisudan.cz\/en\/wp-json\/wp\/v2\/types\/post"}],"author":[{"embeddable":true,"href":"https:\/\/spolekjiznisudan.cz\/en\/wp-json\/wp\/v2\/users\/4"}],"replies":[{"embeddable":true,"href":"https:\/\/spolekjiznisudan.cz\/en\/wp-json\/wp\/v2\/comments?post=1063531"}],"version-history":[{"count":6,"href":"https:\/\/spolekjiznisudan.cz\/en\/wp-json\/wp\/v2\/posts\/1063531\/revisions"}],"predecessor-version":[{"id":1063537,"href":"https:\/\/spolekjiznisudan.cz\/en\/wp-json\/wp\/v2\/posts\/1063531\/revisions\/1063537"}],"wp:featuredmedia":[{"embeddable":true,"href":"https:\/\/spolekjiznisudan.cz\/en\/wp-json\/wp\/v2\/media\/1063530"}],"wp:attachment":[{"href":"https:\/\/spolekjiznisudan.cz\/en\/wp-json\/wp\/v2\/media?parent=1063531"}],"wp:term":[{"taxonomy":"category","embeddable":true,"href":"https:\/\/spolekjiznisudan.cz\/en\/wp-json\/wp\/v2\/categories?post=1063531"},{"taxonomy":"post_tag","embeddable":true,"href":"https:\/\/spolekjiznisudan.cz\/en\/wp-json\/wp\/v2\/tags?post=1063531"}],"curies":[{"name":"wp","href":"https:\/\/api.w.org\/{rel}","templated":true}]}}