{"id":1063420,"date":"2023-08-13T12:46:29","date_gmt":"2023-08-13T10:46:29","guid":{"rendered":"https:\/\/spolekjiznisudan.cz\/?p=1063420"},"modified":"2023-08-13T12:46:29","modified_gmt":"2023-08-13T10:46:29","slug":"nas-tym-se-vratil-z-cesty-do-ugandy-a-jizniho-sudanu","status":"publish","type":"post","link":"https:\/\/spolekjiznisudan.cz\/en\/2023\/08\/13\/nas-tym-se-vratil-z-cesty-do-ugandy-a-jizniho-sudanu\/","title":{"rendered":"N\u00e1\u0161 t\u00fdm se vr\u00e1til z&nbsp;cesty do Ugandy a Ji\u017en\u00edho S\u00fad\u00e1nu."},"content":{"rendered":"<p><img decoding=\"async\" class=\"alignnone size-medium wp-image-1063419\" src=\"https:\/\/spolekjiznisudan.cz\/wp-content\/uploads\/2023\/08\/bernard-300x225.jpg\" alt=\"\" width=\"300\" height=\"225\" srcset=\"https:\/\/spolekjiznisudan.cz\/wp-content\/uploads\/2023\/08\/bernard-300x225.jpg 300w, https:\/\/spolekjiznisudan.cz\/wp-content\/uploads\/2023\/08\/bernard-768x577.jpg 768w, https:\/\/spolekjiznisudan.cz\/wp-content\/uploads\/2023\/08\/bernard-16x12.jpg 16w, https:\/\/spolekjiznisudan.cz\/wp-content\/uploads\/2023\/08\/bernard.jpg 958w\" sizes=\"(max-width: 300px) 100vw, 300px\" \/><\/p>","protected":false},"excerpt":{"rendered":"","protected":false},"author":4,"featured_media":1063419,"comment_status":"open","ping_status":"open","sticky":false,"template":"","format":"standard","meta":{"_exactmetrics_skip_tracking":false,"_exactmetrics_sitenote_active":false,"_exactmetrics_sitenote_note":"","_exactmetrics_sitenote_category":0,"footnotes":""},"categories":[4],"tags":[],"class_list":["post-1063420","post","type-post","status-publish","format-standard","has-post-thumbnail","hentry","category-aktuality"],"yoast_head":"<!-- This site is optimized with the Yoast SEO plugin v27.5 - https:\/\/yoast.com\/product\/yoast-seo-wordpress\/ -->\n<title>N\u00e1\u0161 t\u00fdm se vr\u00e1til z cesty do Ugandy a Ji\u017en\u00edho S\u00fad\u00e1nu. - Spolek pro Ji\u017en\u00ed S\u00fad\u00e1n<\/title>\n<meta name=\"robots\" content=\"index, follow, max-snippet:-1, max-image-preview:large, max-video-preview:-1\" \/>\n<link rel=\"canonical\" href=\"https:\/\/spolekjiznisudan.cz\/en\/2023\/08\/13\/nas-tym-se-vratil-z-cesty-do-ugandy-a-jizniho-sudanu\/\" \/>\n<meta property=\"og:locale\" content=\"en_GB\" \/>\n<meta property=\"og:type\" content=\"article\" \/>\n<meta property=\"og:title\" content=\"N\u00e1\u0161 t\u00fdm se vr\u00e1til z cesty do Ugandy a Ji\u017en\u00edho S\u00fad\u00e1nu. - Spolek pro Ji\u017en\u00ed S\u00fad\u00e1n\" \/>\n<meta property=\"og:url\" content=\"https:\/\/spolekjiznisudan.cz\/en\/2023\/08\/13\/nas-tym-se-vratil-z-cesty-do-ugandy-a-jizniho-sudanu\/\" \/>\n<meta property=\"og:site_name\" content=\"Spolek pro Ji\u017en\u00ed S\u00fad\u00e1n\" \/>\n<meta property=\"article:published_time\" content=\"2023-08-13T10:46:29+00:00\" \/>\n<meta property=\"og:image\" content=\"https:\/\/spolekjiznisudan.cz\/wp-content\/uploads\/2023\/08\/bernard.jpg\" \/>\n\t<meta property=\"og:image:width\" content=\"958\" \/>\n\t<meta property=\"og:image:height\" content=\"720\" \/>\n\t<meta property=\"og:image:type\" content=\"image\/jpeg\" \/>\n<meta name=\"author\" content=\"David Floryk\" \/>\n<meta name=\"twitter:card\" content=\"summary_large_image\" \/>\n<meta name=\"twitter:label1\" content=\"Written by\" \/>\n\t<meta name=\"twitter:data1\" content=\"David Floryk\" \/>\n\t<meta name=\"twitter:label2\" content=\"Estimated reading time\" \/>\n\t<meta name=\"twitter:data2\" content=\"1 minute\" \/>\n<script type=\"application\/ld+json\" class=\"yoast-schema-graph\">{\"@context\":\"https:\\\/\\\/schema.org\",\"@graph\":[{\"@type\":\"Article\",\"@id\":\"https:\\\/\\\/spolekjiznisudan.cz\\\/2023\\\/08\\\/13\\\/nas-tym-se-vratil-z-cesty-do-ugandy-a-jizniho-sudanu\\\/#article\",\"isPartOf\":{\"@id\":\"https:\\\/\\\/spolekjiznisudan.cz\\\/2023\\\/08\\\/13\\\/nas-tym-se-vratil-z-cesty-do-ugandy-a-jizniho-sudanu\\\/\"},\"author\":{\"name\":\"David Floryk\",\"@id\":\"https:\\\/\\\/spolekjiznisudan.cz\\\/#\\\/schema\\\/person\\\/ed79a552b2f1cb527b486144123b5d8c\"},\"headline\":\"N\u00e1\u0161 t\u00fdm se vr\u00e1til z&nbsp;cesty do Ugandy a Ji\u017en\u00edho S\u00fad\u00e1nu.\",\"datePublished\":\"2023-08-13T10:46:29+00:00\",\"mainEntityOfPage\":{\"@id\":\"https:\\\/\\\/spolekjiznisudan.cz\\\/2023\\\/08\\\/13\\\/nas-tym-se-vratil-z-cesty-do-ugandy-a-jizniho-sudanu\\\/\"},\"wordCount\":17,\"commentCount\":0,\"image\":{\"@id\":\"https:\\\/\\\/spolekjiznisudan.cz\\\/2023\\\/08\\\/13\\\/nas-tym-se-vratil-z-cesty-do-ugandy-a-jizniho-sudanu\\\/#primaryimage\"},\"thumbnailUrl\":\"https:\\\/\\\/spolekjiznisudan.cz\\\/wp-content\\\/uploads\\\/2023\\\/08\\\/bernard.jpg\",\"articleSection\":[\"Aktuality\"],\"inLanguage\":\"en-GB\",\"potentialAction\":[{\"@type\":\"CommentAction\",\"name\":\"Comment\",\"target\":[\"https:\\\/\\\/spolekjiznisudan.cz\\\/2023\\\/08\\\/13\\\/nas-tym-se-vratil-z-cesty-do-ugandy-a-jizniho-sudanu\\\/#respond\"]}]},{\"@type\":\"WebPage\",\"@id\":\"https:\\\/\\\/spolekjiznisudan.cz\\\/2023\\\/08\\\/13\\\/nas-tym-se-vratil-z-cesty-do-ugandy-a-jizniho-sudanu\\\/\",\"url\":\"https:\\\/\\\/spolekjiznisudan.cz\\\/2023\\\/08\\\/13\\\/nas-tym-se-vratil-z-cesty-do-ugandy-a-jizniho-sudanu\\\/\",\"name\":\"N\u00e1\u0161 t\u00fdm se vr\u00e1til z cesty do Ugandy a Ji\u017en\u00edho S\u00fad\u00e1nu. - Spolek pro Ji\u017en\u00ed S\u00fad\u00e1n\",\"isPartOf\":{\"@id\":\"https:\\\/\\\/spolekjiznisudan.cz\\\/#website\"},\"primaryImageOfPage\":{\"@id\":\"https:\\\/\\\/spolekjiznisudan.cz\\\/2023\\\/08\\\/13\\\/nas-tym-se-vratil-z-cesty-do-ugandy-a-jizniho-sudanu\\\/#primaryimage\"},\"image\":{\"@id\":\"https:\\\/\\\/spolekjiznisudan.cz\\\/2023\\\/08\\\/13\\\/nas-tym-se-vratil-z-cesty-do-ugandy-a-jizniho-sudanu\\\/#primaryimage\"},\"thumbnailUrl\":\"https:\\\/\\\/spolekjiznisudan.cz\\\/wp-content\\\/uploads\\\/2023\\\/08\\\/bernard.jpg\",\"datePublished\":\"2023-08-13T10:46:29+00:00\",\"author\":{\"@id\":\"https:\\\/\\\/spolekjiznisudan.cz\\\/#\\\/schema\\\/person\\\/ed79a552b2f1cb527b486144123b5d8c\"},\"breadcrumb\":{\"@id\":\"https:\\\/\\\/spolekjiznisudan.cz\\\/2023\\\/08\\\/13\\\/nas-tym-se-vratil-z-cesty-do-ugandy-a-jizniho-sudanu\\\/#breadcrumb\"},\"inLanguage\":\"en-GB\",\"potentialAction\":[{\"@type\":\"ReadAction\",\"target\":[\"https:\\\/\\\/spolekjiznisudan.cz\\\/2023\\\/08\\\/13\\\/nas-tym-se-vratil-z-cesty-do-ugandy-a-jizniho-sudanu\\\/\"]}]},{\"@type\":\"ImageObject\",\"inLanguage\":\"en-GB\",\"@id\":\"https:\\\/\\\/spolekjiznisudan.cz\\\/2023\\\/08\\\/13\\\/nas-tym-se-vratil-z-cesty-do-ugandy-a-jizniho-sudanu\\\/#primaryimage\",\"url\":\"https:\\\/\\\/spolekjiznisudan.cz\\\/wp-content\\\/uploads\\\/2023\\\/08\\\/bernard.jpg\",\"contentUrl\":\"https:\\\/\\\/spolekjiznisudan.cz\\\/wp-content\\\/uploads\\\/2023\\\/08\\\/bernard.jpg\",\"width\":958,\"height\":720},{\"@type\":\"BreadcrumbList\",\"@id\":\"https:\\\/\\\/spolekjiznisudan.cz\\\/2023\\\/08\\\/13\\\/nas-tym-se-vratil-z-cesty-do-ugandy-a-jizniho-sudanu\\\/#breadcrumb\",\"itemListElement\":[{\"@type\":\"ListItem\",\"position\":1,\"name\":\"Home\",\"item\":\"https:\\\/\\\/spolekjiznisudan.cz\\\/\"},{\"@type\":\"ListItem\",\"position\":2,\"name\":\"N\u00e1\u0161 t\u00fdm se vr\u00e1til z&nbsp;cesty do Ugandy a Ji\u017en\u00edho S\u00fad\u00e1nu.\"}]},{\"@type\":\"WebSite\",\"@id\":\"https:\\\/\\\/spolekjiznisudan.cz\\\/#website\",\"url\":\"https:\\\/\\\/spolekjiznisudan.cz\\\/\",\"name\":\"Spolek pro Ji\u017en\u00ed S\u00fad\u00e1n\",\"description\":\"\",\"potentialAction\":[{\"@type\":\"SearchAction\",\"target\":{\"@type\":\"EntryPoint\",\"urlTemplate\":\"https:\\\/\\\/spolekjiznisudan.cz\\\/?s={search_term_string}\"},\"query-input\":{\"@type\":\"PropertyValueSpecification\",\"valueRequired\":true,\"valueName\":\"search_term_string\"}}],\"inLanguage\":\"en-GB\"},{\"@type\":\"Person\",\"@id\":\"https:\\\/\\\/spolekjiznisudan.cz\\\/#\\\/schema\\\/person\\\/ed79a552b2f1cb527b486144123b5d8c\",\"name\":\"David Floryk\",\"image\":{\"@type\":\"ImageObject\",\"inLanguage\":\"en-GB\",\"@id\":\"https:\\\/\\\/secure.gravatar.com\\\/avatar\\\/3ddcf553ae8aca82b3e7abb4dd719b549ff1d64e7e9dc67ccc709c1d9e543a10?s=96&d=mm&r=g\",\"url\":\"https:\\\/\\\/secure.gravatar.com\\\/avatar\\\/3ddcf553ae8aca82b3e7abb4dd719b549ff1d64e7e9dc67ccc709c1d9e543a10?s=96&d=mm&r=g\",\"contentUrl\":\"https:\\\/\\\/secure.gravatar.com\\\/avatar\\\/3ddcf553ae8aca82b3e7abb4dd719b549ff1d64e7e9dc67ccc709c1d9e543a10?s=96&d=mm&r=g\",\"caption\":\"David Floryk\"},\"url\":\"https:\\\/\\\/spolekjiznisudan.cz\\\/en\\\/author\\\/davidf\\\/\"}]}<\/script>\n<!-- \/ Yoast SEO plugin. -->","yoast_head_json":{"title":"N\u00e1\u0161 t\u00fdm se vr\u00e1til z cesty do Ugandy a Ji\u017en\u00edho S\u00fad\u00e1nu. - Spolek pro Ji\u017en\u00ed S\u00fad\u00e1n","robots":{"index":"index","follow":"follow","max-snippet":"max-snippet:-1","max-image-preview":"max-image-preview:large","max-video-preview":"max-video-preview:-1"},"canonical":"https:\/\/spolekjiznisudan.cz\/en\/2023\/08\/13\/nas-tym-se-vratil-z-cesty-do-ugandy-a-jizniho-sudanu\/","og_locale":"en_GB","og_type":"article","og_title":"N\u00e1\u0161 t\u00fdm se vr\u00e1til z cesty do Ugandy a Ji\u017en\u00edho S\u00fad\u00e1nu. - Spolek pro Ji\u017en\u00ed S\u00fad\u00e1n","og_url":"https:\/\/spolekjiznisudan.cz\/en\/2023\/08\/13\/nas-tym-se-vratil-z-cesty-do-ugandy-a-jizniho-sudanu\/","og_site_name":"Spolek pro Ji\u017en\u00ed S\u00fad\u00e1n","article_published_time":"2023-08-13T10:46:29+00:00","og_image":[{"width":958,"height":720,"url":"https:\/\/spolekjiznisudan.cz\/wp-content\/uploads\/2023\/08\/bernard.jpg","type":"image\/jpeg"}],"author":"David Floryk","twitter_card":"summary_large_image","twitter_misc":{"Written by":"David Floryk","Estimated reading time":"1 minute"},"schema":{"@context":"https:\/\/schema.org","@graph":[{"@type":"Article","@id":"https:\/\/spolekjiznisudan.cz\/2023\/08\/13\/nas-tym-se-vratil-z-cesty-do-ugandy-a-jizniho-sudanu\/#article","isPartOf":{"@id":"https:\/\/spolekjiznisudan.cz\/2023\/08\/13\/nas-tym-se-vratil-z-cesty-do-ugandy-a-jizniho-sudanu\/"},"author":{"name":"David Floryk","@id":"https:\/\/spolekjiznisudan.cz\/#\/schema\/person\/ed79a552b2f1cb527b486144123b5d8c"},"headline":"N\u00e1\u0161 t\u00fdm se vr\u00e1til z&nbsp;cesty do Ugandy a Ji\u017en\u00edho S\u00fad\u00e1nu.","datePublished":"2023-08-13T10:46:29+00:00","mainEntityOfPage":{"@id":"https:\/\/spolekjiznisudan.cz\/2023\/08\/13\/nas-tym-se-vratil-z-cesty-do-ugandy-a-jizniho-sudanu\/"},"wordCount":17,"commentCount":0,"image":{"@id":"https:\/\/spolekjiznisudan.cz\/2023\/08\/13\/nas-tym-se-vratil-z-cesty-do-ugandy-a-jizniho-sudanu\/#primaryimage"},"thumbnailUrl":"https:\/\/spolekjiznisudan.cz\/wp-content\/uploads\/2023\/08\/bernard.jpg","articleSection":["Aktuality"],"inLanguage":"en-GB","potentialAction":[{"@type":"CommentAction","name":"Comment","target":["https:\/\/spolekjiznisudan.cz\/2023\/08\/13\/nas-tym-se-vratil-z-cesty-do-ugandy-a-jizniho-sudanu\/#respond"]}]},{"@type":"WebPage","@id":"https:\/\/spolekjiznisudan.cz\/2023\/08\/13\/nas-tym-se-vratil-z-cesty-do-ugandy-a-jizniho-sudanu\/","url":"https:\/\/spolekjiznisudan.cz\/2023\/08\/13\/nas-tym-se-vratil-z-cesty-do-ugandy-a-jizniho-sudanu\/","name":"N\u00e1\u0161 t\u00fdm se vr\u00e1til z cesty do Ugandy a Ji\u017en\u00edho S\u00fad\u00e1nu. - Spolek pro Ji\u017en\u00ed S\u00fad\u00e1n","isPartOf":{"@id":"https:\/\/spolekjiznisudan.cz\/#website"},"primaryImageOfPage":{"@id":"https:\/\/spolekjiznisudan.cz\/2023\/08\/13\/nas-tym-se-vratil-z-cesty-do-ugandy-a-jizniho-sudanu\/#primaryimage"},"image":{"@id":"https:\/\/spolekjiznisudan.cz\/2023\/08\/13\/nas-tym-se-vratil-z-cesty-do-ugandy-a-jizniho-sudanu\/#primaryimage"},"thumbnailUrl":"https:\/\/spolekjiznisudan.cz\/wp-content\/uploads\/2023\/08\/bernard.jpg","datePublished":"2023-08-13T10:46:29+00:00","author":{"@id":"https:\/\/spolekjiznisudan.cz\/#\/schema\/person\/ed79a552b2f1cb527b486144123b5d8c"},"breadcrumb":{"@id":"https:\/\/spolekjiznisudan.cz\/2023\/08\/13\/nas-tym-se-vratil-z-cesty-do-ugandy-a-jizniho-sudanu\/#breadcrumb"},"inLanguage":"en-GB","potentialAction":[{"@type":"ReadAction","target":["https:\/\/spolekjiznisudan.cz\/2023\/08\/13\/nas-tym-se-vratil-z-cesty-do-ugandy-a-jizniho-sudanu\/"]}]},{"@type":"ImageObject","inLanguage":"en-GB","@id":"https:\/\/spolekjiznisudan.cz\/2023\/08\/13\/nas-tym-se-vratil-z-cesty-do-ugandy-a-jizniho-sudanu\/#primaryimage","url":"https:\/\/spolekjiznisudan.cz\/wp-content\/uploads\/2023\/08\/bernard.jpg","contentUrl":"https:\/\/spolekjiznisudan.cz\/wp-content\/uploads\/2023\/08\/bernard.jpg","width":958,"height":720},{"@type":"BreadcrumbList","@id":"https:\/\/spolekjiznisudan.cz\/2023\/08\/13\/nas-tym-se-vratil-z-cesty-do-ugandy-a-jizniho-sudanu\/#breadcrumb","itemListElement":[{"@type":"ListItem","position":1,"name":"Home","item":"https:\/\/spolekjiznisudan.cz\/"},{"@type":"ListItem","position":2,"name":"N\u00e1\u0161 t\u00fdm se vr\u00e1til z&nbsp;cesty do Ugandy a Ji\u017en\u00edho S\u00fad\u00e1nu."}]},{"@type":"WebSite","@id":"https:\/\/spolekjiznisudan.cz\/#website","url":"https:\/\/spolekjiznisudan.cz\/","name":"ASSOCIATION FOR SOUTH SUDAN","description":"","potentialAction":[{"@type":"SearchAction","target":{"@type":"EntryPoint","urlTemplate":"https:\/\/spolekjiznisudan.cz\/?s={search_term_string}"},"query-input":{"@type":"PropertyValueSpecification","valueRequired":true,"valueName":"search_term_string"}}],"inLanguage":"en-GB"},{"@type":"Person","@id":"https:\/\/spolekjiznisudan.cz\/#\/schema\/person\/ed79a552b2f1cb527b486144123b5d8c","name":"David Floryk","image":{"@type":"ImageObject","inLanguage":"en-GB","@id":"https:\/\/secure.gravatar.com\/avatar\/3ddcf553ae8aca82b3e7abb4dd719b549ff1d64e7e9dc67ccc709c1d9e543a10?s=96&d=mm&r=g","url":"https:\/\/secure.gravatar.com\/avatar\/3ddcf553ae8aca82b3e7abb4dd719b549ff1d64e7e9dc67ccc709c1d9e543a10?s=96&d=mm&r=g","contentUrl":"https:\/\/secure.gravatar.com\/avatar\/3ddcf553ae8aca82b3e7abb4dd719b549ff1d64e7e9dc67ccc709c1d9e543a10?s=96&d=mm&r=g","caption":"David Floryk"},"url":"https:\/\/spolekjiznisudan.cz\/en\/author\/davidf\/"}]}},"_links":{"self":[{"href":"https:\/\/spolekjiznisudan.cz\/en\/wp-json\/wp\/v2\/posts\/1063420","targetHints":{"allow":["GET"]}}],"collection":[{"href":"https:\/\/spolekjiznisudan.cz\/en\/wp-json\/wp\/v2\/posts"}],"about":[{"href":"https:\/\/spolekjiznisudan.cz\/en\/wp-json\/wp\/v2\/types\/post"}],"author":[{"embeddable":true,"href":"https:\/\/spolekjiznisudan.cz\/en\/wp-json\/wp\/v2\/users\/4"}],"replies":[{"embeddable":true,"href":"https:\/\/spolekjiznisudan.cz\/en\/wp-json\/wp\/v2\/comments?post=1063420"}],"version-history":[{"count":1,"href":"https:\/\/spolekjiznisudan.cz\/en\/wp-json\/wp\/v2\/posts\/1063420\/revisions"}],"predecessor-version":[{"id":1063421,"href":"https:\/\/spolekjiznisudan.cz\/en\/wp-json\/wp\/v2\/posts\/1063420\/revisions\/1063421"}],"wp:featuredmedia":[{"embeddable":true,"href":"https:\/\/spolekjiznisudan.cz\/en\/wp-json\/wp\/v2\/media\/1063419"}],"wp:attachment":[{"href":"https:\/\/spolekjiznisudan.cz\/en\/wp-json\/wp\/v2\/media?parent=1063420"}],"wp:term":[{"taxonomy":"category","embeddable":true,"href":"https:\/\/spolekjiznisudan.cz\/en\/wp-json\/wp\/v2\/categories?post=1063420"},{"taxonomy":"post_tag","embeddable":true,"href":"https:\/\/spolekjiznisudan.cz\/en\/wp-json\/wp\/v2\/tags?post=1063420"}],"curies":[{"name":"wp","href":"https:\/\/api.w.org\/{rel}","templated":true}]}}